{"id":1345,"date":"2024-04-25T11:32:22","date_gmt":"2024-04-25T14:32:22","guid":{"rendered":"https:\/\/sites.uel.br\/ccs\/?p=1345"},"modified":"2024-04-25T14:23:15","modified_gmt":"2024-04-25T17:23:15","slug":"docente-do-ccs-recebe-honraria-em-congresso-internacional","status":"publish","type":"post","link":"https:\/\/sites.uel.br\/ccs\/sem-categoria\/2024\/04\/25\/docente-do-ccs-recebe-honraria-em-congresso-internacional\/","title":{"rendered":"DOCENTE DO CCS RECEBE HONRARIA EM CONGRESSO INTERNACIONAL"},"content":{"rendered":"\n<p><em>Intranet HU<\/em><\/p>\n\n\n\n<p class=\"has-text-align-left\">No dia 18 de abril durante o 48\u00ba Congresso da SBRV- BRASILIAN RETINA AND VITREOUS SOCIETY realizado entre os dias 18 e 21 na Cidade de Campinas SP, o Prof. Dr. Antonio Marcelo Barbante Casella, proferiu a BRAVS LACTURE com o tema \u201cCentral Serous Chorioretinopathy: Clinical Spectrum And Multmodal Imaging Characteristics\u201d.\u00a0 O convite representa uma honraria ao palestrante, que s\u00e3o profissionais com expertise na \u00e1rea e detentores de grande conhecimento sobre a tem\u00e1tica da Retinologia Brasileira e Mundial.<\/p>\n\n\n\n<p class=\"has-text-align-left\"><strong>O Prof. Dr. Antonio Marcelo Barbante Casella<\/strong> \u00e9 m\u00e9dico oftalmologista, docente do Departamento de Cl\u00ednica Cir\u00fargica do Centro de Ci\u00eancias da Sa\u00fade, orientador permanente do Programa de P\u00f3s-Gradua\u00e7\u00e3o em Ci\u00eancias da Sa\u00fade e atualmente \u00e9 o Editor- Chefe da\u00a0<em>International Journal of Retina and Vitreous<\/em>\u00a0publica\u00e7\u00e3o com fator de impacto 2.3 e Qualis A2, com grande import\u00e2ncia para a comunidade acad\u00eamica e cientifica.<\/p>\n\n\n<div class=\"wp-block-image\">\n<figure class=\"aligncenter size-large is-resized\"><img loading=\"lazy\" decoding=\"async\" width=\"768\" height=\"1024\" src=\"https:\/\/sites.uel.br\/ccs\/wp-content\/uploads\/2024\/04\/PHOTO-2024-04-21-06-51-40-2-768x1024.jpg\" alt=\"\" class=\"wp-image-1346\" style=\"width:554px;height:auto\" srcset=\"https:\/\/sites.uel.br\/ccs\/wp-content\/uploads\/2024\/04\/PHOTO-2024-04-21-06-51-40-2-768x1024.jpg 768w, https:\/\/sites.uel.br\/ccs\/wp-content\/uploads\/2024\/04\/PHOTO-2024-04-21-06-51-40-2-225x300.jpg 225w, https:\/\/sites.uel.br\/ccs\/wp-content\/uploads\/2024\/04\/PHOTO-2024-04-21-06-51-40-2.jpg 960w\" sizes=\"auto, (max-width: 768px) 100vw, 768px\" \/><figcaption class=\"wp-element-caption\"><strong><em>Ao centro Prof. Dr. Antonio Marcelo Barbante Casella<\/em><\/strong><\/figcaption><\/figure>\n<\/div>\n\n<div class=\"wp-block-image\">\n<figure class=\"aligncenter size-large is-resized\"><img loading=\"lazy\" decoding=\"async\" width=\"768\" height=\"1024\" src=\"https:\/\/sites.uel.br\/ccs\/wp-content\/uploads\/2024\/04\/PHOTO-2024-04-21-06-51-40-4-768x1024.jpg\" alt=\"\" class=\"wp-image-1347\" style=\"width:549px;height:auto\" srcset=\"https:\/\/sites.uel.br\/ccs\/wp-content\/uploads\/2024\/04\/PHOTO-2024-04-21-06-51-40-4-768x1024.jpg 768w, https:\/\/sites.uel.br\/ccs\/wp-content\/uploads\/2024\/04\/PHOTO-2024-04-21-06-51-40-4-225x300.jpg 225w, https:\/\/sites.uel.br\/ccs\/wp-content\/uploads\/2024\/04\/PHOTO-2024-04-21-06-51-40-4.jpg 960w\" sizes=\"auto, (max-width: 768px) 100vw, 768px\" \/><\/figure>\n<\/div>\n\n<div class=\"wp-block-image\">\n<figure class=\"aligncenter size-large is-resized\"><img loading=\"lazy\" decoding=\"async\" width=\"1024\" height=\"768\" src=\"https:\/\/sites.uel.br\/ccs\/wp-content\/uploads\/2024\/04\/PHOTO-2024-04-21-06-51-40-1-1024x768.jpg\" alt=\"\" class=\"wp-image-1348\" style=\"width:551px;height:auto\" srcset=\"https:\/\/sites.uel.br\/ccs\/wp-content\/uploads\/2024\/04\/PHOTO-2024-04-21-06-51-40-1-1024x768.jpg 1024w, https:\/\/sites.uel.br\/ccs\/wp-content\/uploads\/2024\/04\/PHOTO-2024-04-21-06-51-40-1-300x225.jpg 300w, https:\/\/sites.uel.br\/ccs\/wp-content\/uploads\/2024\/04\/PHOTO-2024-04-21-06-51-40-1-768x576.jpg 768w, https:\/\/sites.uel.br\/ccs\/wp-content\/uploads\/2024\/04\/PHOTO-2024-04-21-06-51-40-1.jpg 1280w\" sizes=\"auto, (max-width: 1024px) 100vw, 1024px\" \/><\/figure>\n<\/div>\n\n<div class=\"wp-block-image\">\n<figure class=\"aligncenter size-large is-resized\"><img loading=\"lazy\" decoding=\"async\" width=\"1024\" height=\"768\" src=\"https:\/\/sites.uel.br\/ccs\/wp-content\/uploads\/2024\/04\/PHOTO-2024-04-21-06-51-40-3-1024x768.jpg\" alt=\"\" class=\"wp-image-1349\" style=\"width:535px;height:auto\" srcset=\"https:\/\/sites.uel.br\/ccs\/wp-content\/uploads\/2024\/04\/PHOTO-2024-04-21-06-51-40-3-1024x768.jpg 1024w, https:\/\/sites.uel.br\/ccs\/wp-content\/uploads\/2024\/04\/PHOTO-2024-04-21-06-51-40-3-300x225.jpg 300w, https:\/\/sites.uel.br\/ccs\/wp-content\/uploads\/2024\/04\/PHOTO-2024-04-21-06-51-40-3-768x576.jpg 768w, https:\/\/sites.uel.br\/ccs\/wp-content\/uploads\/2024\/04\/PHOTO-2024-04-21-06-51-40-3.jpg 1280w\" sizes=\"auto, (max-width: 1024px) 100vw, 1024px\" \/><\/figure>\n<\/div>","protected":false},"excerpt":{"rendered":"<p>Intranet HU No dia 18 de abril durante o 48\u00ba Congresso da SBRV- BRASILIAN RETINA AND VITREOUS SOCIETY realizado entre os dias 18 e 21 na Cidade de Campinas SP, o Prof. Dr. Antonio Marcelo Barbante Casella, proferiu a BRAVS LACTURE com o tema \u201cCentral Serous Chorioretinopathy: Clinical Spectrum And Multmodal Imaging Characteristics\u201d.\u00a0 O convite [&hellip;]<\/p>\n","protected":false},"author":15,"featured_media":1346,"comment_status":"open","ping_status":"open","sticky":false,"template":"","format":"standard","meta":{"_acf_changed":false,"footnotes":""},"categories":[1],"tags":[],"class_list":["post-1345","post","type-post","status-publish","format-standard","has-post-thumbnail","hentry","category-sem-categoria"],"acf":[],"_links":{"self":[{"href":"https:\/\/sites.uel.br\/ccs\/wp-json\/wp\/v2\/posts\/1345","targetHints":{"allow":["GET"]}}],"collection":[{"href":"https:\/\/sites.uel.br\/ccs\/wp-json\/wp\/v2\/posts"}],"about":[{"href":"https:\/\/sites.uel.br\/ccs\/wp-json\/wp\/v2\/types\/post"}],"author":[{"embeddable":true,"href":"https:\/\/sites.uel.br\/ccs\/wp-json\/wp\/v2\/users\/15"}],"replies":[{"embeddable":true,"href":"https:\/\/sites.uel.br\/ccs\/wp-json\/wp\/v2\/comments?post=1345"}],"version-history":[{"count":2,"href":"https:\/\/sites.uel.br\/ccs\/wp-json\/wp\/v2\/posts\/1345\/revisions"}],"predecessor-version":[{"id":1352,"href":"https:\/\/sites.uel.br\/ccs\/wp-json\/wp\/v2\/posts\/1345\/revisions\/1352"}],"wp:featuredmedia":[{"embeddable":true,"href":"https:\/\/sites.uel.br\/ccs\/wp-json\/wp\/v2\/media\/1346"}],"wp:attachment":[{"href":"https:\/\/sites.uel.br\/ccs\/wp-json\/wp\/v2\/media?parent=1345"}],"wp:term":[{"taxonomy":"category","embeddable":true,"href":"https:\/\/sites.uel.br\/ccs\/wp-json\/wp\/v2\/categories?post=1345"},{"taxonomy":"post_tag","embeddable":true,"href":"https:\/\/sites.uel.br\/ccs\/wp-json\/wp\/v2\/tags?post=1345"}],"curies":[{"name":"wp","href":"https:\/\/api.w.org\/{rel}","templated":true}]}}