{"id":1324,"date":"2024-04-19T09:14:53","date_gmt":"2024-04-19T12:14:53","guid":{"rendered":"https:\/\/sites.uel.br\/ccs\/?p=1324"},"modified":"2024-04-19T09:14:53","modified_gmt":"2024-04-19T12:14:53","slug":"hu-uel-recebe-da-anvisa-certificacao-de-adesao-plena-a-praticas-de-seguranca","status":"publish","type":"post","link":"https:\/\/sites.uel.br\/ccs\/sem-categoria\/2024\/04\/19\/hu-uel-recebe-da-anvisa-certificacao-de-adesao-plena-a-praticas-de-seguranca\/","title":{"rendered":"HU\/UEL RECEBE DA ANVISA CERTIFICA\u00c7\u00c3O DE ADES\u00c3O PLENA A PR\u00c1TICAS DE SEGURAN\u00c7A."},"content":{"rendered":"\n<p><strong><em>Assessoria de Comunica\u00e7\u00e3o do HU<\/em><\/strong><\/p>\n\n\n\n<p><strong><em>Ag\u00eancia UEL<\/em><\/strong><\/p>\n\n\n\n<p>O Hospital Universit\u00e1rio (HU\/UEL) recebeu da Ag\u00eancia Nacional de Vigil\u00e2ncia Sanit\u00e1ria (Anvisa), nos \u00faltimos dias 10 e 11 de abril, uma certifica\u00e7\u00e3o de ades\u00e3o plena \u00e0s pr\u00e1ticas de seguran\u00e7a com o paciente. A premia\u00e7\u00e3o ocorreu em evento em Curitiba, realizado pela Secretaria de Estado da Sa\u00fade (Sesa) na sede do Conselho Regional de Medicina (CRM) e contou com participa\u00e7\u00e3o de cerca de 260 profissionais que atuam no N\u00facleo de Seguran\u00e7a do Paciente. O HU da UEL foi um dos seis servi\u00e7os classificados como de ades\u00e3o plena \u00e0s pr\u00e1ticas de seguran\u00e7a no Estado do Paran\u00e1.<\/p>\n\n\n\n<p>O objetivo do evento foi promover a troca de informa\u00e7\u00f5es e experi\u00eancias entre os participantes com temas correlatos \u00e0s boas pr\u00e1ticas de seguran\u00e7a do paciente, fortalecendo assim a qualidade na assist\u00eancia, em institui\u00e7\u00f5es p\u00fablicas, filantr\u00f3picas e privadas.<br>\u00a0<br>O semin\u00e1rio foi dirigido a hospitais que participam da Avalia\u00e7\u00e3o Nacional de Pr\u00e1ticas de Seguran\u00e7a do Paciente, coordenada pela Anvisa. O Paran\u00e1 possui 128 hospitais com UTI, dos quais 117 (91%) aderiram voluntariamente \u00e0 avalia\u00e7\u00e3o nacional realizada pela Anvisa no ano de 2023. Em rela\u00e7\u00e3o aos servi\u00e7os de di\u00e1lise, todos os 48 estabelecimentos existentes no Estado (100%) aderiram \u00e0 avalia\u00e7\u00e3o.<\/p>\n\n\n<div class=\"wp-block-image\">\n<figure class=\"aligncenter size-full is-resized\"><img loading=\"lazy\" decoding=\"async\" width=\"1024\" height=\"728\" src=\"https:\/\/sites.uel.br\/ccs\/wp-content\/uploads\/2024\/04\/image-26.png\" alt=\"\" class=\"wp-image-1325\" style=\"width:768px;height:auto\" srcset=\"https:\/\/sites.uel.br\/ccs\/wp-content\/uploads\/2024\/04\/image-26.png 1024w, https:\/\/sites.uel.br\/ccs\/wp-content\/uploads\/2024\/04\/image-26-300x213.png 300w, https:\/\/sites.uel.br\/ccs\/wp-content\/uploads\/2024\/04\/image-26-768x546.png 768w\" sizes=\"auto, (max-width: 1024px) 100vw, 1024px\" \/><figcaption class=\"wp-element-caption\"><strong><em>Certificado confere ao HU\/UEL selo de \u201cades\u00e3o plena\u201d \u00e0s Pr\u00e1ticas de Seguran\u00e7a do Paciente, relativo ao ano de 2023 (Divulga\u00e7\u00e3o).<\/em><\/strong><\/figcaption><\/figure>\n<\/div>\n\n\n<p>Durante o evento foram abordados diferentes temas, como elabora\u00e7\u00e3o dos Planos de Seguran\u00e7a do Paciente, uso de ferramentas de gest\u00e3o para o monitoramento do risco relacionado \u00e0 assist\u00eancia, notifica\u00e7\u00e3o de eventos adversos e os desafios da inclus\u00e3o do familiar como membro parceiro para a assist\u00eancia segura.<br>\u00a0<br>De acordo com a administra\u00e7\u00e3o do Hospital, a indica\u00e7\u00e3o do HU da UEL corrobora todos os esfor\u00e7os de cada profissional de sa\u00fade, administrativo e de apoio para o alcance desta excelente pontua\u00e7\u00e3o, o que demonstra a maturidade da cultura de seguran\u00e7a alcan\u00e7ado ao longo dos 52 anos de exist\u00eancia da Institui\u00e7\u00e3o. Importante destacar que \u00e9 a segunda vez que o Hospital recebe a certifica\u00e7\u00e3o de boas pr\u00e1ticas pela Anvisa.<br>\u00a0<br>\u201dSomos destaque por conseguir uma ades\u00e3o plena t\u00e3o significativa do HU-UEL na Avalia\u00e7\u00e3o de Seguran\u00e7a do Paciente, da Anvisa, o que endossa todo o cuidado qualificado e seguro ao paciente, que deve sempre ser uma prioridade. As atividades refor\u00e7am cada vez mais o compromisso qualificado, seguro e humanizado de todas as equipes em nossa Institui\u00e7\u00e3o\u201d, afirmou Vivian Feij\u00f3, superintendente do HU.<\/p>\n","protected":false},"excerpt":{"rendered":"<p>Assessoria de Comunica\u00e7\u00e3o do HU Ag\u00eancia UEL O Hospital Universit\u00e1rio (HU\/UEL) recebeu da Ag\u00eancia Nacional de Vigil\u00e2ncia Sanit\u00e1ria (Anvisa), nos \u00faltimos dias 10 e 11 de abril, uma certifica\u00e7\u00e3o de ades\u00e3o plena \u00e0s pr\u00e1ticas de seguran\u00e7a com o paciente. A premia\u00e7\u00e3o ocorreu em evento em Curitiba, realizado pela Secretaria de Estado da Sa\u00fade (Sesa) na [&hellip;]<\/p>\n","protected":false},"author":15,"featured_media":1326,"comment_status":"open","ping_status":"open","sticky":false,"template":"","format":"standard","meta":{"_acf_changed":false,"footnotes":""},"categories":[1],"tags":[],"class_list":["post-1324","post","type-post","status-publish","format-standard","has-post-thumbnail","hentry","category-sem-categoria"],"acf":[],"_links":{"self":[{"href":"https:\/\/sites.uel.br\/ccs\/wp-json\/wp\/v2\/posts\/1324","targetHints":{"allow":["GET"]}}],"collection":[{"href":"https:\/\/sites.uel.br\/ccs\/wp-json\/wp\/v2\/posts"}],"about":[{"href":"https:\/\/sites.uel.br\/ccs\/wp-json\/wp\/v2\/types\/post"}],"author":[{"embeddable":true,"href":"https:\/\/sites.uel.br\/ccs\/wp-json\/wp\/v2\/users\/15"}],"replies":[{"embeddable":true,"href":"https:\/\/sites.uel.br\/ccs\/wp-json\/wp\/v2\/comments?post=1324"}],"version-history":[{"count":1,"href":"https:\/\/sites.uel.br\/ccs\/wp-json\/wp\/v2\/posts\/1324\/revisions"}],"predecessor-version":[{"id":1327,"href":"https:\/\/sites.uel.br\/ccs\/wp-json\/wp\/v2\/posts\/1324\/revisions\/1327"}],"wp:featuredmedia":[{"embeddable":true,"href":"https:\/\/sites.uel.br\/ccs\/wp-json\/wp\/v2\/media\/1326"}],"wp:attachment":[{"href":"https:\/\/sites.uel.br\/ccs\/wp-json\/wp\/v2\/media?parent=1324"}],"wp:term":[{"taxonomy":"category","embeddable":true,"href":"https:\/\/sites.uel.br\/ccs\/wp-json\/wp\/v2\/categories?post=1324"},{"taxonomy":"post_tag","embeddable":true,"href":"https:\/\/sites.uel.br\/ccs\/wp-json\/wp\/v2\/tags?post=1324"}],"curies":[{"name":"wp","href":"https:\/\/api.w.org\/{rel}","templated":true}]}}