{"id":1038,"date":"2023-12-15T15:24:42","date_gmt":"2023-12-15T18:24:42","guid":{"rendered":"https:\/\/sites.uel.br\/ccs\/?p=1038"},"modified":"2023-12-15T15:26:59","modified_gmt":"2023-12-15T18:26:59","slug":"edital-referente-ao-processo-de-avaliacao-dos-requerentes-a-revalidacao-de-diploma-em-graduacao-em-enfermagem","status":"publish","type":"post","link":"https:\/\/sites.uel.br\/ccs\/sem-categoria\/2023\/12\/15\/edital-referente-ao-processo-de-avaliacao-dos-requerentes-a-revalidacao-de-diploma-em-graduacao-em-enfermagem\/","title":{"rendered":"EDITAL REFERENTE AO PROCESSO DE AVALIA\u00c7\u00c3O DOS REQUERENTES A REVALIDA\u00c7\u00c3O DE DIPLOMA DE GRADUA\u00c7\u00c3O EM ENFERMAGEM EXPEDIDO POR ESTABELECIMENTOS ESTRANGEIROS DE ENSINO SUPERIOR."},"content":{"rendered":"\n<div data-wp-interactive=\"core\/file\" class=\"wp-block-file\"><object data-wp-bind--hidden=\"!state.hasPdfPreview\" hidden class=\"wp-block-file__embed\" data=\"https:\/\/sites.uel.br\/ccs\/wp-content\/uploads\/2023\/12\/doc03258120231215175431-1.pdf\" type=\"application\/pdf\" style=\"width:100%;height:600px\" aria-label=\"Incorporado de doc03258120231215175431-1.\"><\/object><a id=\"wp-block-file--media-12c6b890-93df-4aea-9975-fde4e5c9f830\" href=\"https:\/\/sites.uel.br\/ccs\/wp-content\/uploads\/2023\/12\/doc03258120231215175431-1.pdf\">doc03258120231215175431-1<\/a><a href=\"https:\/\/sites.uel.br\/ccs\/wp-content\/uploads\/2023\/12\/doc03258120231215175431-1.pdf\" class=\"wp-block-file__button wp-element-button\" download aria-describedby=\"wp-block-file--media-12c6b890-93df-4aea-9975-fde4e5c9f830\">Baixar<\/a><\/div>\n","protected":false},"excerpt":{"rendered":"","protected":false},"author":15,"featured_media":856,"comment_status":"open","ping_status":"open","sticky":false,"template":"","format":"standard","meta":{"_acf_changed":false,"footnotes":""},"categories":[1],"tags":[],"class_list":["post-1038","post","type-post","status-publish","format-standard","has-post-thumbnail","hentry","category-sem-categoria"],"acf":[],"_links":{"self":[{"href":"https:\/\/sites.uel.br\/ccs\/wp-json\/wp\/v2\/posts\/1038","targetHints":{"allow":["GET"]}}],"collection":[{"href":"https:\/\/sites.uel.br\/ccs\/wp-json\/wp\/v2\/posts"}],"about":[{"href":"https:\/\/sites.uel.br\/ccs\/wp-json\/wp\/v2\/types\/post"}],"author":[{"embeddable":true,"href":"https:\/\/sites.uel.br\/ccs\/wp-json\/wp\/v2\/users\/15"}],"replies":[{"embeddable":true,"href":"https:\/\/sites.uel.br\/ccs\/wp-json\/wp\/v2\/comments?post=1038"}],"version-history":[{"count":2,"href":"https:\/\/sites.uel.br\/ccs\/wp-json\/wp\/v2\/posts\/1038\/revisions"}],"predecessor-version":[{"id":1042,"href":"https:\/\/sites.uel.br\/ccs\/wp-json\/wp\/v2\/posts\/1038\/revisions\/1042"}],"wp:featuredmedia":[{"embeddable":true,"href":"https:\/\/sites.uel.br\/ccs\/wp-json\/wp\/v2\/media\/856"}],"wp:attachment":[{"href":"https:\/\/sites.uel.br\/ccs\/wp-json\/wp\/v2\/media?parent=1038"}],"wp:term":[{"taxonomy":"category","embeddable":true,"href":"https:\/\/sites.uel.br\/ccs\/wp-json\/wp\/v2\/categories?post=1038"},{"taxonomy":"post_tag","embeddable":true,"href":"https:\/\/sites.uel.br\/ccs\/wp-json\/wp\/v2\/tags?post=1038"}],"curies":[{"name":"wp","href":"https:\/\/api.w.org\/{rel}","templated":true}]}}