{"id":1799,"date":"2026-09-01T16:43:51","date_gmt":"2026-09-01T19:43:51","guid":{"rendered":"https:\/\/sites.uel.br\/cce\/?p=1799"},"modified":"2026-09-01T16:43:51","modified_gmt":"2026-09-01T19:43:51","slug":"napi-agritech-symbiosis-uel-divulga-resultados-finais-das-selecoes-de-bolsistas-de-ic-e-tecnico-ii","status":"publish","type":"post","link":"https:\/\/sites.uel.br\/cce\/sem-categoria\/2026\/09\/01\/napi-agritech-symbiosis-uel-divulga-resultados-finais-das-selecoes-de-bolsistas-de-ic-e-tecnico-ii\/","title":{"rendered":"NAPI AgriTech Symbiosis\/UEL divulga resultados finais das sele\u00e7\u00f5es de bolsistas de IC e T\u00e9cnico II"},"content":{"rendered":"\n<p class=\"wp-block-paragraph\">O Coordenador do projeto NAPI AgriTech Symbiosis\/UEL, Professor Odair Pastor Ferreira, torna p\u00fablicos os Editais de Homologa\u00e7\u00e3o das Inscri\u00e7\u00f5es e Resultados Finais dos processos seletivos para bolsas de Inicia\u00e7\u00e3o Cient\u00edfica (IC) e T\u00e9cnico II \u2013 n\u00edvel superior, na \u00e1rea de Qu\u00edmica.<\/p>\n\n\n\n<p class=\"wp-block-paragraph\">Os resultados finais est\u00e3o dispon\u00edveis nos respectivos editais:<\/p>\n\n\n\n<p class=\"wp-block-paragraph\">Edital n\u00ba 07\/2026 \u2013 Inicia\u00e7\u00e3o Cient\u00edfica (IC)<br>Edital n\u00ba 08\/2026 \u2013 T\u00e9cnico II (n\u00edvel superior)<\/p>\n\n\n\n<p class=\"wp-block-paragraph\">Os editais apresentam a homologa\u00e7\u00e3o das inscri\u00e7\u00f5es e a classifica\u00e7\u00e3o final dos candidatos, ap\u00f3s o encerramento do per\u00edodo previsto para interposi\u00e7\u00e3o de recursos.<\/p>\n\n\n\n<p class=\"wp-block-paragraph\">As bolsas integram as atividades do projeto NAPI AgriTech Symbiosis\/UEL, com financiamento da Funda\u00e7\u00e3o Arauc\u00e1ria, e t\u00eam in\u00edcio previsto para 01 de outubro de 2026.<\/p>\n\n\n\n<div data-wp-interactive=\"core\/file\" class=\"wp-block-file\"><object data-wp-bind--hidden=\"!state.hasPdfPreview\" hidden class=\"wp-block-file__embed\" data=\"https:\/\/sites.uel.br\/cce\/wp-content\/uploads\/2026\/09\/Edital_07_2026_Homologacao_Resultado_Final_IC_NAPI_AgriTech_assinado.pdf\" type=\"application\/pdf\" style=\"width:100%;height:600px\" aria-label=\"Incorporado de Edital_07_2026_Homologacao_Resultado_Final_IC_NAPI_AgriTech_assinado.\"><\/object><a id=\"wp-block-file--media-c85f7e48-57c3-4f99-8796-ca51402987b4\" href=\"https:\/\/sites.uel.br\/cce\/wp-content\/uploads\/2026\/09\/Edital_07_2026_Homologacao_Resultado_Final_IC_NAPI_AgriTech_assinado.pdf\">Edital_07_2026_Homologacao_Resultado_Final_IC_NAPI_AgriTech_assinado<\/a><a href=\"https:\/\/sites.uel.br\/cce\/wp-content\/uploads\/2026\/09\/Edital_07_2026_Homologacao_Resultado_Final_IC_NAPI_AgriTech_assinado.pdf\" class=\"wp-block-file__button wp-element-button\" download aria-describedby=\"wp-block-file--media-c85f7e48-57c3-4f99-8796-ca51402987b4\">Baixar<\/a><\/div>\n\n\n\n<div data-wp-interactive=\"core\/file\" class=\"wp-block-file\"><object data-wp-bind--hidden=\"!state.hasPdfPreview\" hidden class=\"wp-block-file__embed\" data=\"https:\/\/sites.uel.br\/cce\/wp-content\/uploads\/2026\/09\/Edital_08_2026_Homologacao_Resultado_Final_BTII_NAPI_AgriTech_assinado.pdf\" type=\"application\/pdf\" style=\"width:100%;height:600px\" aria-label=\"Incorporado de Edital_08_2026_Homologacao_Resultado_Final_BTII_NAPI_AgriTech_assinado.\"><\/object><a id=\"wp-block-file--media-e23c840f-d20d-4499-9387-c04587cd37f4\" href=\"https:\/\/sites.uel.br\/cce\/wp-content\/uploads\/2026\/09\/Edital_08_2026_Homologacao_Resultado_Final_BTII_NAPI_AgriTech_assinado.pdf\">Edital_08_2026_Homologacao_Resultado_Final_BTII_NAPI_AgriTech_assinado<\/a><a href=\"https:\/\/sites.uel.br\/cce\/wp-content\/uploads\/2026\/09\/Edital_08_2026_Homologacao_Resultado_Final_BTII_NAPI_AgriTech_assinado.pdf\" class=\"wp-block-file__button wp-element-button\" download aria-describedby=\"wp-block-file--media-e23c840f-d20d-4499-9387-c04587cd37f4\">Baixar<\/a><\/div>\n","protected":false},"excerpt":{"rendered":"<p>O Coordenador do projeto NAPI AgriTech Symbiosis\/UEL, Professor Odair Pastor Ferreira, torna p\u00fablicos os Editais de Homologa\u00e7\u00e3o das Inscri\u00e7\u00f5es e Resultados Finais dos processos seletivos para bolsas de Inicia\u00e7\u00e3o Cient\u00edfica (IC) e T\u00e9cnico II \u2013 n\u00edvel superior, na \u00e1rea de Qu\u00edmica. Os resultados finais est\u00e3o dispon\u00edveis nos respectivos editais: Edital n\u00ba 07\/2026 \u2013 Inicia\u00e7\u00e3o Cient\u00edfica [&hellip;]<\/p>\n","protected":false},"author":8,"featured_media":1789,"comment_status":"open","ping_status":"open","sticky":false,"template":"","format":"standard","meta":{"_acf_changed":false,"footnotes":"","_members_access_role":[],"_members_access_error":""},"categories":[1],"tags":[],"class_list":["post-1799","post","type-post","status-publish","format-standard","has-post-thumbnail","hentry","category-sem-categoria"],"acf":[],"_links":{"self":[{"href":"https:\/\/sites.uel.br\/cce\/wp-json\/wp\/v2\/posts\/1799","targetHints":{"allow":["GET"]}}],"collection":[{"href":"https:\/\/sites.uel.br\/cce\/wp-json\/wp\/v2\/posts"}],"about":[{"href":"https:\/\/sites.uel.br\/cce\/wp-json\/wp\/v2\/types\/post"}],"author":[{"embeddable":true,"href":"https:\/\/sites.uel.br\/cce\/wp-json\/wp\/v2\/users\/8"}],"replies":[{"embeddable":true,"href":"https:\/\/sites.uel.br\/cce\/wp-json\/wp\/v2\/comments?post=1799"}],"version-history":[{"count":1,"href":"https:\/\/sites.uel.br\/cce\/wp-json\/wp\/v2\/posts\/1799\/revisions"}],"predecessor-version":[{"id":1802,"href":"https:\/\/sites.uel.br\/cce\/wp-json\/wp\/v2\/posts\/1799\/revisions\/1802"}],"wp:featuredmedia":[{"embeddable":true,"href":"https:\/\/sites.uel.br\/cce\/wp-json\/wp\/v2\/media\/1789"}],"wp:attachment":[{"href":"https:\/\/sites.uel.br\/cce\/wp-json\/wp\/v2\/media?parent=1799"}],"wp:term":[{"taxonomy":"category","embeddable":true,"href":"https:\/\/sites.uel.br\/cce\/wp-json\/wp\/v2\/categories?post=1799"},{"taxonomy":"post_tag","embeddable":true,"href":"https:\/\/sites.uel.br\/cce\/wp-json\/wp\/v2\/tags?post=1799"}],"curies":[{"name":"wp","href":"https:\/\/api.w.org\/{rel}","templated":true}]}}