{"id":644,"date":"2024-07-01T19:35:08","date_gmt":"2024-07-01T22:35:08","guid":{"rendered":"https:\/\/sites.uel.br\/blogbaguncei\/?p=644"},"modified":"2025-03-28T14:51:48","modified_gmt":"2025-03-28T17:51:48","slug":"lampiao-e-maria-bonita","status":"publish","type":"post","link":"https:\/\/sites.uel.br\/blogbaguncei\/sem-categoria\/2024\/07\/01\/lampiao-e-maria-bonita\/","title":{"rendered":"Lampi\u00e3o e Maria Bonita"},"content":{"rendered":"\n<p>Lampi\u00e3o e Maria Bonita s\u00e3o lembrados n\u00e3o apenas por suas a\u00e7\u00f5es, mas tamb\u00e9m pelo impacto duradouro que tiveram na hist\u00f3ria e na cultura do Nordeste brasileiro.<\/p>\n\n\n<div class=\"wp-block-image\">\n<figure class=\"aligncenter size-full is-resized\"><img loading=\"lazy\" decoding=\"async\" width=\"530\" height=\"707\" src=\"https:\/\/sites.uel.br\/blogbaguncei\/wp-content\/uploads\/2024\/10\/Captura-de-tela-2024-10-28-202202-edited.png\" alt=\"\" class=\"wp-image-836\" style=\"width:398px;height:auto\" srcset=\"https:\/\/sites.uel.br\/blogbaguncei\/wp-content\/uploads\/2024\/10\/Captura-de-tela-2024-10-28-202202-edited.png 530w, https:\/\/sites.uel.br\/blogbaguncei\/wp-content\/uploads\/2024\/10\/Captura-de-tela-2024-10-28-202202-edited-225x300.png 225w\" sizes=\"auto, (max-width: 530px) 100vw, 530px\" \/><\/figure>\n<\/div>\n\n\n<p>Incorporar o artesanato do Nordeste na educa\u00e7\u00e3o infantil \u00e9 uma maneira excelente de conectar as crian\u00e7as \u00e0 rica cultura e tradi\u00e7\u00f5es da regi\u00e3o.<\/p>\n\n\n\n<div class=\"wp-block-group is-content-justification-center is-nowrap is-layout-flex wp-container-core-group-is-layout-94bc23d7 wp-block-group-is-layout-flex\">\n<figure class=\"wp-block-image size-full is-resized\"><img loading=\"lazy\" decoding=\"async\" width=\"447\" height=\"596\" src=\"https:\/\/sites.uel.br\/blogbaguncei\/wp-content\/uploads\/2024\/10\/Captura-de-tela-2024-10-28-202231-1-edited.png\" alt=\"\" class=\"wp-image-842\" style=\"width:327px;height:auto\" srcset=\"https:\/\/sites.uel.br\/blogbaguncei\/wp-content\/uploads\/2024\/10\/Captura-de-tela-2024-10-28-202231-1-edited.png 447w, https:\/\/sites.uel.br\/blogbaguncei\/wp-content\/uploads\/2024\/10\/Captura-de-tela-2024-10-28-202231-1-edited-225x300.png 225w\" sizes=\"auto, (max-width: 447px) 100vw, 447px\" \/><\/figure>\n\n\n\n<figure class=\"wp-block-image size-full is-resized\"><img loading=\"lazy\" decoding=\"async\" width=\"512\" height=\"683\" src=\"https:\/\/sites.uel.br\/blogbaguncei\/wp-content\/uploads\/2024\/10\/Captura-de-tela-2024-10-28-202243-1-edited.png\" alt=\"\" class=\"wp-image-844\" style=\"width:328px;height:auto\" srcset=\"https:\/\/sites.uel.br\/blogbaguncei\/wp-content\/uploads\/2024\/10\/Captura-de-tela-2024-10-28-202243-1-edited.png 512w, https:\/\/sites.uel.br\/blogbaguncei\/wp-content\/uploads\/2024\/10\/Captura-de-tela-2024-10-28-202243-1-edited-225x300.png 225w\" sizes=\"auto, (max-width: 512px) 100vw, 512px\" \/><\/figure>\n<\/div>\n\n\n\n<p><br>As crian\u00e7as, descobriram a hist\u00f3ria do Lampi\u00e3o e da Maria Bonita, atrav\u00e9s das literaturas de cordel, apresentadas como parte da cultura Nordestina.<\/p>\n\n\n\n<p>A pr\u00e1tica do artesanato faz parte da cultura humana, e no Nordeste se destaca o Mestre Vitalino. As crian\u00e7as manusearam a argila e recriaram os cangaceiros.<br>O uso da argila na educa\u00e7\u00e3o \u00e9 uma excelente ferramenta para o desenvolvimento de v\u00e1rias habilidades nas crian\u00e7as. Usar imagens como refer\u00eancia para desenhar \u00e9 uma excelente forma de estimular a observa\u00e7\u00e3o e a criatividade das crian\u00e7as.<br><\/p>\n\n\n\n<div class=\"wp-block-group is-content-justification-center is-nowrap is-layout-flex wp-container-core-group-is-layout-94bc23d7 wp-block-group-is-layout-flex\">\n<figure class=\"wp-block-image size-full is-resized\"><img loading=\"lazy\" decoding=\"async\" width=\"482\" height=\"362\" src=\"https:\/\/sites.uel.br\/blogbaguncei\/wp-content\/uploads\/2024\/10\/Captura-de-tela-2024-10-28-202237-edited.png\" alt=\"\" class=\"wp-image-846\" style=\"width:372px;height:auto\" srcset=\"https:\/\/sites.uel.br\/blogbaguncei\/wp-content\/uploads\/2024\/10\/Captura-de-tela-2024-10-28-202237-edited.png 482w, https:\/\/sites.uel.br\/blogbaguncei\/wp-content\/uploads\/2024\/10\/Captura-de-tela-2024-10-28-202237-edited-300x225.png 300w\" sizes=\"auto, (max-width: 482px) 100vw, 482px\" \/><\/figure>\n\n\n\n<figure class=\"wp-block-image size-full is-resized\"><img loading=\"lazy\" decoding=\"async\" width=\"482\" height=\"321\" src=\"https:\/\/sites.uel.br\/blogbaguncei\/wp-content\/uploads\/2024\/10\/Captura-de-tela-2024-10-28-202237-1-edited-1.png\" alt=\"\" class=\"wp-image-849\" style=\"width:419px;height:auto\" srcset=\"https:\/\/sites.uel.br\/blogbaguncei\/wp-content\/uploads\/2024\/10\/Captura-de-tela-2024-10-28-202237-1-edited-1.png 482w, https:\/\/sites.uel.br\/blogbaguncei\/wp-content\/uploads\/2024\/10\/Captura-de-tela-2024-10-28-202237-1-edited-1-300x200.png 300w\" sizes=\"auto, (max-width: 482px) 100vw, 482px\" \/><\/figure>\n<\/div>\n\n\n\n<p><br>Aproveitamos a hist\u00f3ria do Lampi\u00e3o e da Maria Bonita para apresentar uma das tradicionais brincadeiras das festas juninas e correio elegante.<br>As crian\u00e7as deixaram mensagens de carinho para seus familiares e a comunidade para a festa junina do CMEI.<\/p>\n\n\n\n<p>Uma outra possibilidade \u00e9 as crian\u00e7as realizarem as trocas de bilhetes entre elas, interagindo com outras turmas e faixa et\u00e1rias.<\/p>\n\n\n\n<div class=\"wp-block-group is-content-justification-center is-nowrap is-layout-flex wp-container-core-group-is-layout-94bc23d7 wp-block-group-is-layout-flex\">\n<figure class=\"wp-block-image size-full is-resized\"><img loading=\"lazy\" decoding=\"async\" width=\"252\" height=\"336\" src=\"https:\/\/sites.uel.br\/blogbaguncei\/wp-content\/uploads\/2024\/10\/Captura-de-tela-2024-10-28-202259-edited.png\" alt=\"\" class=\"wp-image-853\" style=\"width:322px;height:auto\" srcset=\"https:\/\/sites.uel.br\/blogbaguncei\/wp-content\/uploads\/2024\/10\/Captura-de-tela-2024-10-28-202259-edited.png 252w, https:\/\/sites.uel.br\/blogbaguncei\/wp-content\/uploads\/2024\/10\/Captura-de-tela-2024-10-28-202259-edited-225x300.png 225w\" sizes=\"auto, (max-width: 252px) 100vw, 252px\" \/><\/figure>\n\n\n\n<figure class=\"wp-block-image size-full is-resized\"><img loading=\"lazy\" decoding=\"async\" width=\"610\" height=\"813\" src=\"https:\/\/sites.uel.br\/blogbaguncei\/wp-content\/uploads\/2024\/10\/Captura-de-tela-2024-10-28-202252-edited.png\" alt=\"\" class=\"wp-image-851\" style=\"width:322px;height:auto\" srcset=\"https:\/\/sites.uel.br\/blogbaguncei\/wp-content\/uploads\/2024\/10\/Captura-de-tela-2024-10-28-202252-edited.png 610w, https:\/\/sites.uel.br\/blogbaguncei\/wp-content\/uploads\/2024\/10\/Captura-de-tela-2024-10-28-202252-edited-225x300.png 225w\" sizes=\"auto, (max-width: 610px) 100vw, 610px\" \/><\/figure>\n\n\n\n<figure class=\"wp-block-image size-full is-resized\"><img loading=\"lazy\" decoding=\"async\" width=\"270\" height=\"360\" src=\"https:\/\/sites.uel.br\/blogbaguncei\/wp-content\/uploads\/2024\/10\/Captura-de-tela-2024-10-28-202303-edited.png\" alt=\"\" class=\"wp-image-855\" style=\"width:321px;height:auto\" srcset=\"https:\/\/sites.uel.br\/blogbaguncei\/wp-content\/uploads\/2024\/10\/Captura-de-tela-2024-10-28-202303-edited.png 270w, https:\/\/sites.uel.br\/blogbaguncei\/wp-content\/uploads\/2024\/10\/Captura-de-tela-2024-10-28-202303-edited-225x300.png 225w\" sizes=\"auto, (max-width: 270px) 100vw, 270px\" \/><\/figure>\n<\/div>\n","protected":false},"excerpt":{"rendered":"<p>Lampi\u00e3o e Maria Bonita s\u00e3o lembrados n\u00e3o apenas por suas a\u00e7\u00f5es, mas tamb\u00e9m pelo impacto duradouro que tiveram na hist\u00f3ria e na cultura do Nordeste brasileiro. Incorporar o artesanato do Nordeste na educa\u00e7\u00e3o infantil \u00e9 uma maneira excelente de conectar as crian\u00e7as \u00e0 rica cultura e tradi\u00e7\u00f5es da regi\u00e3o. As crian\u00e7as, descobriram a hist\u00f3ria do [&hellip;]<\/p>\n","protected":false},"author":10,"featured_media":1209,"comment_status":"open","ping_status":"open","sticky":false,"template":"","format":"standard","meta":{"footnotes":""},"categories":[1],"tags":[10,12,20,59],"class_list":["post-644","post","type-post","status-publish","format-standard","has-post-thumbnail","hentry","category-sem-categoria","tag-blog-baguncei","tag-crianca","tag-educacao-infantil","tag-teoria-historico-cultural"],"acf":[],"_links":{"self":[{"href":"https:\/\/sites.uel.br\/blogbaguncei\/wp-json\/wp\/v2\/posts\/644","targetHints":{"allow":["GET"]}}],"collection":[{"href":"https:\/\/sites.uel.br\/blogbaguncei\/wp-json\/wp\/v2\/posts"}],"about":[{"href":"https:\/\/sites.uel.br\/blogbaguncei\/wp-json\/wp\/v2\/types\/post"}],"author":[{"embeddable":true,"href":"https:\/\/sites.uel.br\/blogbaguncei\/wp-json\/wp\/v2\/users\/10"}],"replies":[{"embeddable":true,"href":"https:\/\/sites.uel.br\/blogbaguncei\/wp-json\/wp\/v2\/comments?post=644"}],"version-history":[{"count":3,"href":"https:\/\/sites.uel.br\/blogbaguncei\/wp-json\/wp\/v2\/posts\/644\/revisions"}],"predecessor-version":[{"id":856,"href":"https:\/\/sites.uel.br\/blogbaguncei\/wp-json\/wp\/v2\/posts\/644\/revisions\/856"}],"wp:featuredmedia":[{"embeddable":true,"href":"https:\/\/sites.uel.br\/blogbaguncei\/wp-json\/wp\/v2\/media\/1209"}],"wp:attachment":[{"href":"https:\/\/sites.uel.br\/blogbaguncei\/wp-json\/wp\/v2\/media?parent=644"}],"wp:term":[{"taxonomy":"category","embeddable":true,"href":"https:\/\/sites.uel.br\/blogbaguncei\/wp-json\/wp\/v2\/categories?post=644"},{"taxonomy":"post_tag","embeddable":true,"href":"https:\/\/sites.uel.br\/blogbaguncei\/wp-json\/wp\/v2\/tags?post=644"}],"curies":[{"name":"wp","href":"https:\/\/api.w.org\/{rel}","templated":true}]}}