{"id":881,"date":"2021-06-15T19:37:00","date_gmt":"2021-06-15T22:37:00","guid":{"rendered":"https:\/\/sites.uel.br\/ati\/?p=881"},"modified":"2026-03-03T09:43:36","modified_gmt":"2026-03-03T12:43:36","slug":"cadastro-de-eleicoes-com-o-sistema-saele","status":"publish","type":"post","link":"https:\/\/sites.uel.br\/ati\/tutorial\/2021\/06\/15\/cadastro-de-eleicoes-com-o-sistema-saele\/","title":{"rendered":"Cadastro de elei\u00e7\u00f5es com o sistema SAELE"},"content":{"rendered":"\n<p>1 \u2013 Acessar o link <a href=\"https:\/\/eleicoes.uel.br\/saele\/LoginAdm.php\" target=\"_blank\" rel=\"noreferrer noopener\">https:\/\/eleicoes.uel.br\/saele\/LoginAdm.php<\/a><strong> <\/strong>e fazer login com seu usu\u00e1rio e a senha (mesma senha do portal do servidor).<\/p>\n\n\n<div class=\"wp-block-image is-resized is-style-default\">\n<figure class=\"aligncenter size-large\"><img loading=\"lazy\" decoding=\"async\" width=\"905\" height=\"521\" src=\"https:\/\/sites.uel.br\/ati\/wp-content\/uploads\/2021\/06\/1-2.png\" alt=\"\" class=\"wp-image-883\" srcset=\"https:\/\/sites.uel.br\/ati\/wp-content\/uploads\/2021\/06\/1-2.png 905w, https:\/\/sites.uel.br\/ati\/wp-content\/uploads\/2021\/06\/1-2-300x173.png 300w, https:\/\/sites.uel.br\/ati\/wp-content\/uploads\/2021\/06\/1-2-768x442.png 768w\" sizes=\"auto, (max-width: 905px) 100vw, 905px\" \/><\/figure>\n<\/div>\n\n\n<p>2- Na tela seguinte ser\u00e1 necess\u00e1rio adicionar um novo processo eleitoral, clicando em \u201cIncluir Concurso Eleitoral\u201d.<\/p>\n\n\n<div class=\"wp-block-image is-resized is-style-default\">\n<figure class=\"aligncenter size-large\"><img loading=\"lazy\" decoding=\"async\" width=\"1024\" height=\"490\" src=\"https:\/\/sites.uel.br\/ati\/wp-content\/uploads\/2021\/06\/2-15-1024x490.jpg\" alt=\"\" class=\"wp-image-884\" srcset=\"https:\/\/sites.uel.br\/ati\/wp-content\/uploads\/2021\/06\/2-15-1024x490.jpg 1024w, https:\/\/sites.uel.br\/ati\/wp-content\/uploads\/2021\/06\/2-15-300x144.jpg 300w, https:\/\/sites.uel.br\/ati\/wp-content\/uploads\/2021\/06\/2-15-768x368.jpg 768w, https:\/\/sites.uel.br\/ati\/wp-content\/uploads\/2021\/06\/2-15.jpg 1341w\" sizes=\"auto, (max-width: 1024px) 100vw, 1024px\" \/><\/figure>\n<\/div>\n\n\n<p>3- Ser\u00e1 aberta uma janela para adicionar algumas informa\u00e7\u00f5es sobre o novo concurso eleitoral. Adicione uma breve descri\u00e7\u00e3o do evento, o dia e hora de in\u00edcio e dia e hora de t\u00e9rmino, <strong>no campo \u201cModalidade da Elei\u00e7\u00e3o\u201d deixe marcado a op\u00e7\u00e3o \u201cLivre\u201d caso seja uma elei\u00e7\u00e3o realizada de forma online sem urnas<\/strong>, os outros 2 campos n\u00e3o h\u00e1 necessidade de altera\u00e7\u00e3o conforme a imagem abaixo. Clique em \u201cSalvar\u201d para concluir.<\/p>\n\n\n<div class=\"wp-block-image is-resized is-style-default\">\n<figure class=\"aligncenter size-large\"><img loading=\"lazy\" decoding=\"async\" width=\"533\" height=\"517\" src=\"https:\/\/sites.uel.br\/ati\/wp-content\/uploads\/2021\/06\/3-11.jpg\" alt=\"\" class=\"wp-image-885\" srcset=\"https:\/\/sites.uel.br\/ati\/wp-content\/uploads\/2021\/06\/3-11.jpg 533w, https:\/\/sites.uel.br\/ati\/wp-content\/uploads\/2021\/06\/3-11-300x291.jpg 300w\" sizes=\"auto, (max-width: 533px) 100vw, 533px\" \/><\/figure>\n<\/div>\n\n\n<p>4- Ser\u00e1 criado o concurso eleitoral na tela principal do sistema, agora ser\u00e1 necess\u00e1rio fazer a inclus\u00e3o da elei\u00e7\u00e3o (pode ter mais de uma elei\u00e7\u00e3o para o Concurso Eleitoral). Fazendo uma compara\u00e7\u00e3o, o Concurso Eleitoral seria o processo eleitoral e a elei\u00e7\u00e3o seria para Presidente e Governador. Clique em \u201cIncluir Elei\u00e7\u00e3o\u201d.<\/p>\n\n\n<div class=\"wp-block-image is-resized is-style-default\">\n<figure class=\"aligncenter size-large\"><img loading=\"lazy\" decoding=\"async\" width=\"1024\" height=\"400\" src=\"https:\/\/sites.uel.br\/ati\/wp-content\/uploads\/2021\/06\/5-1024x400.gif\" alt=\"\" class=\"wp-image-886\" srcset=\"https:\/\/sites.uel.br\/ati\/wp-content\/uploads\/2021\/06\/5-1024x400.gif 1024w, https:\/\/sites.uel.br\/ati\/wp-content\/uploads\/2021\/06\/5-300x117.gif 300w, https:\/\/sites.uel.br\/ati\/wp-content\/uploads\/2021\/06\/5-768x300.gif 768w\" sizes=\"auto, (max-width: 1024px) 100vw, 1024px\" \/><\/figure>\n<\/div>\n\n\n<p>5- Na tela de edi\u00e7\u00e3o, fa\u00e7a uma breve descri\u00e7\u00e3o do que ser\u00e1 essa elei\u00e7\u00e3o, informe a quantidade de votos poss\u00edveis (Por exemplo, s\u00e3o 2 votos para governadores) e informe quantos d\u00edgitos ter\u00e3o cada chapa a ser cadastrada e clique em \u201cAvan\u00e7ar\u201d.<\/p>\n\n\n<div class=\"wp-block-image\">\n<figure class=\"aligncenter size-full is-resized\"><img loading=\"lazy\" decoding=\"async\" width=\"702\" height=\"421\" src=\"https:\/\/sites.uel.br\/ati\/wp-content\/uploads\/2023\/11\/image-2.png\" alt=\"\" class=\"wp-image-3211\" style=\"width:564px;height:auto\" srcset=\"https:\/\/sites.uel.br\/ati\/wp-content\/uploads\/2023\/11\/image-2.png 702w, https:\/\/sites.uel.br\/ati\/wp-content\/uploads\/2023\/11\/image-2-300x180.png 300w\" sizes=\"auto, (max-width: 702px) 100vw, 702px\" \/><\/figure>\n<\/div>\n\n\n<div class=\"wp-block-cover is-light\" style=\"min-height:100px;aspect-ratio:unset;\"><img loading=\"lazy\" decoding=\"async\" width=\"1502\" height=\"270\" class=\"wp-block-cover__image-background wp-image-1333\" alt=\"\" src=\"https:\/\/sites.uel.br\/ati\/wp-content\/uploads\/2021\/06\/Fundo-Help-GOOGLE-menor.png\" style=\"object-position:0% 4%\" data-object-fit=\"cover\" data-object-position=\"0% 4%\" srcset=\"https:\/\/sites.uel.br\/ati\/wp-content\/uploads\/2021\/06\/Fundo-Help-GOOGLE-menor.png 1502w, https:\/\/sites.uel.br\/ati\/wp-content\/uploads\/2021\/06\/Fundo-Help-GOOGLE-menor-300x54.png 300w, https:\/\/sites.uel.br\/ati\/wp-content\/uploads\/2021\/06\/Fundo-Help-GOOGLE-menor-1024x184.png 1024w, https:\/\/sites.uel.br\/ati\/wp-content\/uploads\/2021\/06\/Fundo-Help-GOOGLE-menor-768x138.png 768w\" sizes=\"auto, (max-width: 1502px) 100vw, 1502px\" \/><span aria-hidden=\"true\" class=\"wp-block-cover__background has-background-dim-0 has-background-dim\"><\/span><div class=\"wp-block-cover__inner-container is-layout-flow wp-block-cover-is-layout-flow\">\n<p class=\"has-text-align-left has-verde-escuro-color has-text-color\" style=\"font-size:19px\"><strong>OBS:  Se for definido que  a chapa ter\u00e1 1 d\u00edgito, OBRIGATORIAMENTE A NUMERA\u00c7\u00c3O TER\u00c1 QUE SER: 1, 2, 3  at\u00e9 9. <\/strong><\/p>\n\n\n\n<p class=\"has-text-align-left has-verde-escuro-color has-text-color\" style=\"font-size:19px\"><strong>Se a chapa tiver 2 d\u00edgitos OBRIGATORIAMENTE A NUMERA\u00c7\u00c3O SER\u00c1 DO NUMERAL 10 EM DIANTE, ou seja nunca usar o n\u00famero zero \u00e0 esquerda nas chapas.<\/strong><\/p>\n<\/div><\/div>\n\n\n\n<p>6-Ser\u00e1 apresentado a tela da imagem abaixo, informando o nome do Concurso Eleitoral e a Elei\u00e7\u00e3o. Agora ser\u00e1 necess\u00e1rio a inclus\u00e3o do(s) gerente(s) da elei\u00e7\u00e3o para poder realizar a zer\u00e9zima, inclus\u00e3o dos Membros da Comiss\u00e3o caso haja a necessidade, inclus\u00e3o das chapas que concorrer\u00e3o a elei\u00e7\u00e3o e por fim a inclus\u00e3o dos Eleitores. Os passos abaixo descrever\u00e3o como realizar a inclus\u00e3o de cada item.<\/p>\n\n\n<div class=\"wp-block-image is-resized is-style-default\">\n<figure class=\"aligncenter size-large\"><img loading=\"lazy\" decoding=\"async\" width=\"1024\" height=\"359\" src=\"https:\/\/sites.uel.br\/ati\/wp-content\/uploads\/2021\/06\/7.1-2-1024x359.jpg\" alt=\"\" class=\"wp-image-888\" srcset=\"https:\/\/sites.uel.br\/ati\/wp-content\/uploads\/2021\/06\/7.1-2-1024x359.jpg 1024w, https:\/\/sites.uel.br\/ati\/wp-content\/uploads\/2021\/06\/7.1-2-300x105.jpg 300w, https:\/\/sites.uel.br\/ati\/wp-content\/uploads\/2021\/06\/7.1-2-768x270.jpg 768w, https:\/\/sites.uel.br\/ati\/wp-content\/uploads\/2021\/06\/7.1-2.jpg 1222w\" sizes=\"auto, (max-width: 1024px) 100vw, 1024px\" \/><\/figure>\n<\/div>\n\n\n<p>&nbsp;8- Primeiramente ser\u00e1 necess\u00e1rio incluir o gerente, ser\u00e1 a mesma pessoa que est\u00e1 cadastrando o Concurso e elei\u00e7\u00f5es. Clique em \u201cIncluir Gerente\u201d e na tela seguinte digite o nome completo da pessoa ou o primeiro nome, clique em \u201cPesquisar\u201d que abrir\u00e1 uma caixa com os nomes correspondentes, por fim clique em \u201cSelecionar\u201d. Pode ser cadastrado mais de um gerente.<\/p>\n\n\n\n<div class=\"wp-block-cover is-light\" style=\"min-height:100px;aspect-ratio:unset;\"><img loading=\"lazy\" decoding=\"async\" width=\"1502\" height=\"270\" class=\"wp-block-cover__image-background wp-image-1333\" alt=\"\" src=\"https:\/\/sites.uel.br\/ati\/wp-content\/uploads\/2021\/06\/Fundo-Help-GOOGLE-menor.png\" style=\"object-position:0% 4%\" data-object-fit=\"cover\" data-object-position=\"0% 4%\" srcset=\"https:\/\/sites.uel.br\/ati\/wp-content\/uploads\/2021\/06\/Fundo-Help-GOOGLE-menor.png 1502w, https:\/\/sites.uel.br\/ati\/wp-content\/uploads\/2021\/06\/Fundo-Help-GOOGLE-menor-300x54.png 300w, https:\/\/sites.uel.br\/ati\/wp-content\/uploads\/2021\/06\/Fundo-Help-GOOGLE-menor-1024x184.png 1024w, https:\/\/sites.uel.br\/ati\/wp-content\/uploads\/2021\/06\/Fundo-Help-GOOGLE-menor-768x138.png 768w\" sizes=\"auto, (max-width: 1502px) 100vw, 1502px\" \/><span aria-hidden=\"true\" class=\"wp-block-cover__background has-background-dim-0 has-background-dim\"><\/span><div class=\"wp-block-cover__inner-container is-layout-flow wp-block-cover-is-layout-flow\">\n<p class=\"has-text-align-left has-verde-escuro-color has-text-color\" style=\"font-size:19px\"><strong>OBS:  O gerente do concurso eleitoral em hip\u00f3tese alguma poder\u00e1 ser cadastrado como candidato deste processo. Ou seja, n\u00e3o poder\u00e1 gerenciar e ao mesmo tempo concorrer nas elei\u00e7\u00f5es.<\/strong><\/p>\n<\/div><\/div>\n\n\n\n<div style=\"height:30px\" aria-hidden=\"true\" class=\"wp-block-spacer\"><\/div>\n\n\n<div class=\"wp-block-image is-resized is-style-default\">\n<figure class=\"aligncenter size-large\"><img loading=\"lazy\" decoding=\"async\" width=\"637\" height=\"214\" src=\"https:\/\/sites.uel.br\/ati\/wp-content\/uploads\/2021\/06\/8.gif\" alt=\"\" class=\"wp-image-889\" \/><\/figure>\n<\/div>\n\n<div class=\"wp-block-image is-resized is-style-default\">\n<figure class=\"aligncenter size-large\"><img loading=\"lazy\" decoding=\"async\" width=\"640\" height=\"302\" src=\"https:\/\/sites.uel.br\/ati\/wp-content\/uploads\/2021\/06\/9.gif\" alt=\"\" class=\"wp-image-890\" \/><\/figure>\n<\/div>\n\n\n<p>9- Clique em \u201cIncluir Chapa\u201d e na tela seguinte adicione a descri\u00e7\u00e3o e o n\u00famero da chapa, lembrando que a chapa dever\u00e1 ter a quantidade de d\u00edgitos determinado na inclus\u00e3o da Elei\u00e7\u00e3o descrito no passo 5 e clique em \u201cSalvar\u201d. Poder\u00e1 ser adicionado quantas chapas forem necess\u00e1rias.<\/p>\n\n\n\n<div style=\"height:20px\" aria-hidden=\"true\" class=\"wp-block-spacer\"><\/div>\n\n\n<div class=\"wp-block-image is-resized is-style-default\">\n<figure class=\"aligncenter size-large\"><img loading=\"lazy\" decoding=\"async\" width=\"643\" height=\"193\" src=\"https:\/\/sites.uel.br\/ati\/wp-content\/uploads\/2021\/06\/10.1.gif\" alt=\"\" class=\"wp-image-891\" \/><\/figure>\n<\/div>\n\n\n<p>A lista de chapas ser\u00e1 demonstrada na tela do Concurso Eleitoral conforme imagem abaixo<\/p>\n\n\n<div class=\"wp-block-image is-resized is-style-default\">\n<figure class=\"aligncenter size-large\"><img loading=\"lazy\" decoding=\"async\" width=\"1024\" height=\"254\" src=\"https:\/\/sites.uel.br\/ati\/wp-content\/uploads\/2021\/06\/11-1024x254.gif\" alt=\"\" class=\"wp-image-892\" srcset=\"https:\/\/sites.uel.br\/ati\/wp-content\/uploads\/2021\/06\/11-1024x254.gif 1024w, https:\/\/sites.uel.br\/ati\/wp-content\/uploads\/2021\/06\/11-300x74.gif 300w, https:\/\/sites.uel.br\/ati\/wp-content\/uploads\/2021\/06\/11-768x190.gif 768w, https:\/\/sites.uel.br\/ati\/wp-content\/uploads\/2021\/06\/11-1536x380.gif 1536w\" sizes=\"auto, (max-width: 1024px) 100vw, 1024px\" \/><\/figure>\n<\/div>\n\n\n<p>10- Agora ser\u00e1 necess\u00e1rio a inclus\u00e3o dos candidatos nas chapas, clique em \u201cincluir candidato\u201d na chapa correspondente ao candidato.<\/p>\n\n\n<div class=\"wp-block-image is-resized is-style-default\">\n<figure class=\"aligncenter size-large\"><img loading=\"lazy\" decoding=\"async\" width=\"842\" height=\"260\" src=\"https:\/\/sites.uel.br\/ati\/wp-content\/uploads\/2021\/06\/11.1.jpg\" alt=\"\" class=\"wp-image-893\" srcset=\"https:\/\/sites.uel.br\/ati\/wp-content\/uploads\/2021\/06\/11.1.jpg 842w, https:\/\/sites.uel.br\/ati\/wp-content\/uploads\/2021\/06\/11.1-300x93.jpg 300w, https:\/\/sites.uel.br\/ati\/wp-content\/uploads\/2021\/06\/11.1-768x237.jpg 768w\" sizes=\"auto, (max-width: 842px) 100vw, 842px\" \/><\/figure>\n<\/div>\n\n\n<p>11- Na pr\u00f3xima janela, selecionar o nome do candidato. No campo \u201cSelecione o tipo de participa\u00e7\u00e3o\u201d escolha uma op\u00e7\u00e3o que se enquadre com o cargo a ser ocupado na elei\u00e7\u00e3o, caso n\u00e3o haja uma op\u00e7\u00e3o v\u00e1lida preencha o campo \u201cOu preencha um novo tipo de participa\u00e7\u00e3o\u201d . No final clique em \u201cSelecionar\u201d para adicionar o candidato.<\/p>\n\n\n<div class=\"wp-block-image is-resized is-style-default\">\n<figure class=\"aligncenter size-large\"><img loading=\"lazy\" decoding=\"async\" width=\"388\" height=\"255\" src=\"https:\/\/sites.uel.br\/ati\/wp-content\/uploads\/2021\/06\/image-9.png\" alt=\"\" class=\"wp-image-895\" srcset=\"https:\/\/sites.uel.br\/ati\/wp-content\/uploads\/2021\/06\/image-9.png 388w, https:\/\/sites.uel.br\/ati\/wp-content\/uploads\/2021\/06\/image-9-300x197.png 300w\" sizes=\"auto, (max-width: 388px) 100vw, 388px\" \/><\/figure>\n<\/div>\n\n\n<p>11- A lista dos candidatos ser\u00e1 apresentada nas chapas conforme imagem abaixo.<\/p>\n\n\n<div class=\"wp-block-image is-resized is-style-default\">\n<figure class=\"aligncenter size-large\"><img loading=\"lazy\" decoding=\"async\" width=\"720\" height=\"79\" src=\"https:\/\/sites.uel.br\/ati\/wp-content\/uploads\/2021\/06\/11.4.jpg\" alt=\"\" class=\"wp-image-896\" srcset=\"https:\/\/sites.uel.br\/ati\/wp-content\/uploads\/2021\/06\/11.4.jpg 720w, https:\/\/sites.uel.br\/ati\/wp-content\/uploads\/2021\/06\/11.4-300x33.jpg 300w\" sizes=\"auto, (max-width: 720px) 100vw, 720px\" \/><\/figure>\n<\/div>\n\n\n<div style=\"height:30px\" aria-hidden=\"true\" class=\"wp-block-spacer\"><\/div>\n\n\n\n<div class=\"wp-block-cover is-light\" style=\"min-height:100px;aspect-ratio:unset;\"><img loading=\"lazy\" decoding=\"async\" width=\"1502\" height=\"270\" class=\"wp-block-cover__image-background wp-image-1333\" alt=\"\" src=\"https:\/\/sites.uel.br\/ati\/wp-content\/uploads\/2021\/06\/Fundo-Help-GOOGLE-menor.png\" style=\"object-position:0% 4%\" data-object-fit=\"cover\" data-object-position=\"0% 4%\" srcset=\"https:\/\/sites.uel.br\/ati\/wp-content\/uploads\/2021\/06\/Fundo-Help-GOOGLE-menor.png 1502w, https:\/\/sites.uel.br\/ati\/wp-content\/uploads\/2021\/06\/Fundo-Help-GOOGLE-menor-300x54.png 300w, https:\/\/sites.uel.br\/ati\/wp-content\/uploads\/2021\/06\/Fundo-Help-GOOGLE-menor-1024x184.png 1024w, https:\/\/sites.uel.br\/ati\/wp-content\/uploads\/2021\/06\/Fundo-Help-GOOGLE-menor-768x138.png 768w\" sizes=\"auto, (max-width: 1502px) 100vw, 1502px\" \/><span aria-hidden=\"true\" class=\"wp-block-cover__background has-background-dim-0 has-background-dim\"><\/span><div class=\"wp-block-cover__inner-container is-layout-flow wp-block-cover-is-layout-flow\">\n<p class=\"has-text-align-left has-verde-escuro-color has-text-color\" style=\"font-size:19px\"><strong>OBS:  \u00c9 de responsabilidade da comiss\u00e3o eleitoral ou dos candidatos a divulga\u00e7\u00e3o das chapas para os eleitores<\/strong>.<\/p>\n<\/div><\/div>\n\n\n\n<div style=\"height:30px\" aria-hidden=\"true\" class=\"wp-block-spacer\"><\/div>\n\n\n\n<p>12-Por \u00faltimo dever\u00e3o ser inclu\u00eddos os eleitores, pode ser realizado de forma manual ou por importa\u00e7\u00e3o de arquivo com extens\u00e3o CSV. Para a inclus\u00e3o manual, ap\u00f3s digitar o nome e localizar o eleitor, clicar em \u201cSelecionar\u201d.<\/p>\n\n\n<div class=\"wp-block-image is-resized is-style-default\">\n<figure class=\"aligncenter size-large\"><img loading=\"lazy\" decoding=\"async\" width=\"642\" height=\"288\" src=\"https:\/\/sites.uel.br\/ati\/wp-content\/uploads\/2021\/06\/12.gif\" alt=\"\" class=\"wp-image-897\" \/><\/figure>\n<\/div>\n\n\n<p>Os eleitores ficar\u00e3o na lista de eleitores cadastrados no final da p\u00e1gina.<\/p>\n\n\n<div class=\"wp-block-image is-resized is-style-default\">\n<figure class=\"aligncenter size-large\"><img loading=\"lazy\" decoding=\"async\" width=\"1024\" height=\"294\" src=\"https:\/\/sites.uel.br\/ati\/wp-content\/uploads\/2021\/06\/13-1024x294.gif\" alt=\"\" class=\"wp-image-899\" srcset=\"https:\/\/sites.uel.br\/ati\/wp-content\/uploads\/2021\/06\/13-1024x294.gif 1024w, https:\/\/sites.uel.br\/ati\/wp-content\/uploads\/2021\/06\/13-300x86.gif 300w, https:\/\/sites.uel.br\/ati\/wp-content\/uploads\/2021\/06\/13-768x220.gif 768w, https:\/\/sites.uel.br\/ati\/wp-content\/uploads\/2021\/06\/13-1536x440.gif 1536w\" sizes=\"auto, (max-width: 1024px) 100vw, 1024px\" \/><\/figure>\n<\/div>\n\n\n<div class=\"wp-block-cover is-light\" style=\"min-height:100px;aspect-ratio:unset;\"><img loading=\"lazy\" decoding=\"async\" width=\"1502\" height=\"270\" class=\"wp-block-cover__image-background wp-image-1333\" alt=\"\" src=\"https:\/\/sites.uel.br\/ati\/wp-content\/uploads\/2021\/06\/Fundo-Help-GOOGLE-menor.png\" style=\"object-position:22% 22%\" data-object-fit=\"cover\" data-object-position=\"22% 22%\" srcset=\"https:\/\/sites.uel.br\/ati\/wp-content\/uploads\/2021\/06\/Fundo-Help-GOOGLE-menor.png 1502w, https:\/\/sites.uel.br\/ati\/wp-content\/uploads\/2021\/06\/Fundo-Help-GOOGLE-menor-300x54.png 300w, https:\/\/sites.uel.br\/ati\/wp-content\/uploads\/2021\/06\/Fundo-Help-GOOGLE-menor-1024x184.png 1024w, https:\/\/sites.uel.br\/ati\/wp-content\/uploads\/2021\/06\/Fundo-Help-GOOGLE-menor-768x138.png 768w\" sizes=\"auto, (max-width: 1502px) 100vw, 1502px\" \/><span aria-hidden=\"true\" class=\"wp-block-cover__background has-background-dim-0 has-background-dim\"><\/span><div class=\"wp-block-cover__inner-container is-layout-flow wp-block-cover-is-layout-flow\">\n<p class=\"has-text-align-left has-verde-escuro-color has-text-color has-normal-font-size\"><strong>OBS IMPORTANTE:  <\/strong><\/p>\n\n\n\n<p class=\"has-laranja-destaque-color has-text-color\"><strong>CASO SEJA REALIZADA A IMPORTA\u00c7\u00c3O DA LISTA DE ELEITORES UTILIZANDO UM ARQUIVO, ESTE ARQUIVO DEVER\u00c1 OBRIGATORIAMENTE SER SOLICITADO \u00c0 PRORH DO C\u00c2MPUS UNIVERSIT\u00c1RIO, SETOR DE SERVI\u00c7O DE APOIO T\u00c9CNICO<\/strong>.<strong> O ARQUIVO DEVER\u00c1 DEVER\u00c1 CONTER ALGUNS CAMPOS OBRIGAT\u00d3RIOS E OS NOMES DOS ELEITORES EM CAIXA ALTA, J\u00c1 CIENTE PELA EQUIPE DA PRORH.<\/strong><\/p>\n\n\n\n<p class=\"has-text-align-left has-verde-escuro-color has-text-color has-normal-font-size\"><strong>1- AO REALIZAR A IMPORTA\u00c7\u00c3O DO ARQUIVO CSV DOS ELEITORES, \u00c9 IMPRESCIND\u00cdVEL QUE A NUMERA\u00c7\u00c3O DA CHAPA FUNCIONAL DO ELEITOR ESTEJA COM TODOS OS N\u00daMEROS ZEROS \u00c0 ESQUERDA CASO HAJA, EX: 0123456. SE N\u00c3O ESTIVER COM OS N\u00daMEROS ZEROS \u00c0 ESQUERDA O ELEITOR N\u00c3O ACESSAR\u00c1 A ELEI\u00c7\u00c3O MESMO SE FOR ADICIONADO NO CONCURSO ELEITORAL.<\/strong><\/p>\n\n\n\n<p class=\"has-verde-escuro-color has-text-color has-normal-font-size\"><strong>2- O NOME DO ELEITOR NO ARQUIVO CSV DEVER\u00c1 ESTAR EM LETRAS MAI\u00daSCULAS CASO CONTR\u00c1RIO ACARRETAR\u00c1 EM ERRO NA IMPORTA\u00c7\u00c3O DO ELEITOR.<\/strong><\/p>\n<\/div><\/div>\n\n\n\n<p>13- Ap\u00f3s a inclus\u00e3o dos gerentes, chapas e candidatos e eleitores, ser\u00e1 necess\u00e1rio realizar o checklist para verificar pend\u00eancias a serem conclu\u00eddas. Na tela de cadastro de concursos, localize o concurso correspondente, clique em \u201cA\u00e7\u00f5es\u201d e depois \u201cChecklist\u201d.<\/p>\n\n\n<div class=\"wp-block-image is-resized is-style-default\">\n<figure class=\"aligncenter size-large\"><img loading=\"lazy\" decoding=\"async\" width=\"1024\" height=\"278\" src=\"https:\/\/sites.uel.br\/ati\/wp-content\/uploads\/2021\/06\/14-1024x278.gif\" alt=\"\" class=\"wp-image-900\" srcset=\"https:\/\/sites.uel.br\/ati\/wp-content\/uploads\/2021\/06\/14-1024x278.gif 1024w, https:\/\/sites.uel.br\/ati\/wp-content\/uploads\/2021\/06\/14-300x81.gif 300w, https:\/\/sites.uel.br\/ati\/wp-content\/uploads\/2021\/06\/14-768x208.gif 768w\" sizes=\"auto, (max-width: 1024px) 100vw, 1024px\" \/><\/figure>\n<\/div>\n\n\n<p>14- A lista de pend\u00eancia ser\u00e1 demonstrada conforme a tela a seguir, neste caso h\u00e1 a necessidade de realizar a homologa\u00e7\u00e3o final e depois realizar a zer\u00e9zima. Ao final clicar em \u201cVoltar\u201d.<\/p>\n\n\n<div class=\"wp-block-image is-resized is-style-default\">\n<figure class=\"aligncenter size-large\"><img loading=\"lazy\" decoding=\"async\" width=\"864\" height=\"141\" src=\"https:\/\/sites.uel.br\/ati\/wp-content\/uploads\/2021\/06\/15.gif\" alt=\"\" class=\"wp-image-901\" \/><\/figure>\n<\/div>\n\n\n<div class=\"wp-block-cover is-light\" style=\"min-height:100px;aspect-ratio:unset;\"><img loading=\"lazy\" decoding=\"async\" width=\"1502\" height=\"270\" class=\"wp-block-cover__image-background wp-image-1333\" alt=\"\" src=\"https:\/\/sites.uel.br\/ati\/wp-content\/uploads\/2021\/06\/Fundo-Help-GOOGLE-menor.png\" style=\"object-position:0% 4%\" data-object-fit=\"cover\" data-object-position=\"0% 4%\" srcset=\"https:\/\/sites.uel.br\/ati\/wp-content\/uploads\/2021\/06\/Fundo-Help-GOOGLE-menor.png 1502w, https:\/\/sites.uel.br\/ati\/wp-content\/uploads\/2021\/06\/Fundo-Help-GOOGLE-menor-300x54.png 300w, https:\/\/sites.uel.br\/ati\/wp-content\/uploads\/2021\/06\/Fundo-Help-GOOGLE-menor-1024x184.png 1024w, https:\/\/sites.uel.br\/ati\/wp-content\/uploads\/2021\/06\/Fundo-Help-GOOGLE-menor-768x138.png 768w\" sizes=\"auto, (max-width: 1502px) 100vw, 1502px\" \/><span aria-hidden=\"true\" class=\"wp-block-cover__background has-background-dim-0 has-background-dim\"><\/span><div class=\"wp-block-cover__inner-container is-layout-flow wp-block-cover-is-layout-flow\">\n<p class=\"has-text-align-left has-verde-escuro-color has-text-color\" style=\"font-size:19px\">15- Para realizar a homologa\u00e7\u00e3o final caso n\u00e3o tenha mais necessidade de adicionar nenhuma chapa ou eleitores, clique no bot\u00e3o \u201cA\u00e7\u00f5es\u201d e depois clique em \u201cHomologa\u00e7\u00e3o Final\u201d. <strong>OBS: NA HOMOLOGA\u00c7\u00c3O FINAL N\u00c3O \u00c9 POSS\u00cdVEL MAIS FAZER NENHUMA ALTERA\u00c7\u00c3O NO CONCURSO ELEITORAL, DEVE ESTAR TUDO CORRETO.<\/strong><\/p>\n<\/div><\/div>\n\n\n<div class=\"wp-block-image is-resized is-style-default\">\n<figure class=\"aligncenter size-large\"><img loading=\"lazy\" decoding=\"async\" width=\"1024\" height=\"274\" src=\"https:\/\/sites.uel.br\/ati\/wp-content\/uploads\/2021\/06\/16-1024x274.gif\" alt=\"\" class=\"wp-image-902\" srcset=\"https:\/\/sites.uel.br\/ati\/wp-content\/uploads\/2021\/06\/16-1024x274.gif 1024w, https:\/\/sites.uel.br\/ati\/wp-content\/uploads\/2021\/06\/16-300x80.gif 300w, https:\/\/sites.uel.br\/ati\/wp-content\/uploads\/2021\/06\/16-768x206.gif 768w\" sizes=\"auto, (max-width: 1024px) 100vw, 1024px\" \/><\/figure>\n<\/div>\n\n\n<p>Caso n\u00e3o haja nenhum problema ser\u00e1 demonstrada a tela abaixo, caso ocorra algum problema ser\u00e1 demonstrado e dever\u00e1 ser verificado. Ao final clique em \u201cVoltar\u201d.<\/p>\n\n\n<div class=\"wp-block-image is-resized is-style-default\">\n<figure class=\"aligncenter size-large\"><img loading=\"lazy\" decoding=\"async\" width=\"1024\" height=\"211\" src=\"https:\/\/sites.uel.br\/ati\/wp-content\/uploads\/2021\/06\/17-1024x211.gif\" alt=\"\" class=\"wp-image-903\" srcset=\"https:\/\/sites.uel.br\/ati\/wp-content\/uploads\/2021\/06\/17-1024x211.gif 1024w, https:\/\/sites.uel.br\/ati\/wp-content\/uploads\/2021\/06\/17-300x62.gif 300w, https:\/\/sites.uel.br\/ati\/wp-content\/uploads\/2021\/06\/17-768x158.gif 768w\" sizes=\"auto, (max-width: 1024px) 100vw, 1024px\" \/><\/figure>\n<\/div>\n\n\n<p>16- Ap\u00f3s a homologa\u00e7\u00e3o final, verificar novamente o checklist<\/p>\n\n\n<div class=\"wp-block-image is-resized is-style-default\">\n<figure class=\"aligncenter size-large\"><img loading=\"lazy\" decoding=\"async\" width=\"1024\" height=\"278\" src=\"https:\/\/sites.uel.br\/ati\/wp-content\/uploads\/2021\/06\/14-1-1024x278.gif\" alt=\"\" class=\"wp-image-904\" srcset=\"https:\/\/sites.uel.br\/ati\/wp-content\/uploads\/2021\/06\/14-1-1024x278.gif 1024w, https:\/\/sites.uel.br\/ati\/wp-content\/uploads\/2021\/06\/14-1-300x81.gif 300w, https:\/\/sites.uel.br\/ati\/wp-content\/uploads\/2021\/06\/14-1-768x208.gif 768w\" sizes=\"auto, (max-width: 1024px) 100vw, 1024px\" \/><\/figure>\n<\/div>\n\n\n<p>17- Agora falta somente realizar a zer\u00e9zima.<\/p>\n\n\n<div class=\"wp-block-image is-resized is-style-default\">\n<figure class=\"aligncenter size-large\"><img loading=\"lazy\" decoding=\"async\" width=\"888\" height=\"138\" src=\"https:\/\/sites.uel.br\/ati\/wp-content\/uploads\/2021\/06\/18.gif\" alt=\"\" class=\"wp-image-905\" \/><\/figure>\n<\/div>\n\n\n<div class=\"wp-block-cover is-light\" style=\"min-height:100px;aspect-ratio:unset;\"><img loading=\"lazy\" decoding=\"async\" width=\"1502\" height=\"270\" class=\"wp-block-cover__image-background wp-image-1333\" alt=\"\" src=\"https:\/\/sites.uel.br\/ati\/wp-content\/uploads\/2021\/06\/Fundo-Help-GOOGLE-menor.png\" style=\"object-position:0% 4%\" data-object-fit=\"cover\" data-object-position=\"0% 4%\" srcset=\"https:\/\/sites.uel.br\/ati\/wp-content\/uploads\/2021\/06\/Fundo-Help-GOOGLE-menor.png 1502w, https:\/\/sites.uel.br\/ati\/wp-content\/uploads\/2021\/06\/Fundo-Help-GOOGLE-menor-300x54.png 300w, https:\/\/sites.uel.br\/ati\/wp-content\/uploads\/2021\/06\/Fundo-Help-GOOGLE-menor-1024x184.png 1024w, https:\/\/sites.uel.br\/ati\/wp-content\/uploads\/2021\/06\/Fundo-Help-GOOGLE-menor-768x138.png 768w\" sizes=\"auto, (max-width: 1502px) 100vw, 1502px\" \/><span aria-hidden=\"true\" class=\"wp-block-cover__background has-background-dim-0 has-background-dim\"><\/span><div class=\"wp-block-cover__inner-container is-layout-flow wp-block-cover-is-layout-flow\">\n<p class=\"has-text-align-left has-verde-escuro-color has-text-color\" style=\"font-size:19px\"><strong>18- Para a transpar\u00eancia e idoneidade do Concurso Eleitoral, no momento de executar a zer\u00e9zima \u00e9 aconselh\u00e1vel estar presente no recinto representantes da comiss\u00e3o eleitoral, ou realizar uma videoconfer\u00eancia com os membros e candidatos para garantir o processo.<\/strong><\/p>\n<\/div><\/div>\n\n\n\n<p>Para realizar a zer\u00e9zima, clique em \u201cVerificar os votos\u201d.<\/p>\n\n\n<div class=\"wp-block-image is-resized is-style-default\">\n<figure class=\"aligncenter size-large\"><img loading=\"lazy\" decoding=\"async\" width=\"1024\" height=\"236\" src=\"https:\/\/sites.uel.br\/ati\/wp-content\/uploads\/2021\/06\/19-1024x236.gif\" alt=\"\" class=\"wp-image-906\" srcset=\"https:\/\/sites.uel.br\/ati\/wp-content\/uploads\/2021\/06\/19-1024x236.gif 1024w, https:\/\/sites.uel.br\/ati\/wp-content\/uploads\/2021\/06\/19-300x69.gif 300w, https:\/\/sites.uel.br\/ati\/wp-content\/uploads\/2021\/06\/19-768x177.gif 768w\" sizes=\"auto, (max-width: 1024px) 100vw, 1024px\" \/><\/figure>\n<\/div>\n\n\n<p>19-Clique em zerar votos<\/p>\n\n\n<div class=\"wp-block-image is-resized is-style-default\">\n<figure class=\"aligncenter size-large\"><img loading=\"lazy\" decoding=\"async\" width=\"1024\" height=\"150\" src=\"https:\/\/sites.uel.br\/ati\/wp-content\/uploads\/2021\/06\/20-1024x150.gif\" alt=\"\" class=\"wp-image-907\" srcset=\"https:\/\/sites.uel.br\/ati\/wp-content\/uploads\/2021\/06\/20-1024x150.gif 1024w, https:\/\/sites.uel.br\/ati\/wp-content\/uploads\/2021\/06\/20-300x44.gif 300w, https:\/\/sites.uel.br\/ati\/wp-content\/uploads\/2021\/06\/20-768x112.gif 768w\" sizes=\"auto, (max-width: 1024px) 100vw, 1024px\" \/><\/figure>\n<\/div>\n\n\n<p>20- Clique em OK e os votos ser\u00e3o zerados<\/p>\n\n\n<div class=\"wp-block-image is-resized is-style-default\">\n<figure class=\"aligncenter size-large\"><img loading=\"lazy\" decoding=\"async\" width=\"434\" height=\"116\" src=\"https:\/\/sites.uel.br\/ati\/wp-content\/uploads\/2021\/06\/21.gif\" alt=\"\" class=\"wp-image-908\" \/><\/figure>\n<\/div>\n\n\n<p>Demonstra\u00e7\u00e3o de votos zerados para todas as chapas<\/p>\n\n\n<div class=\"wp-block-image is-resized is-style-default\">\n<figure class=\"aligncenter size-large\"><img loading=\"lazy\" decoding=\"async\" width=\"1024\" height=\"219\" src=\"https:\/\/sites.uel.br\/ati\/wp-content\/uploads\/2021\/06\/22-1024x219.gif\" alt=\"\" class=\"wp-image-909\" srcset=\"https:\/\/sites.uel.br\/ati\/wp-content\/uploads\/2021\/06\/22-1024x219.gif 1024w, https:\/\/sites.uel.br\/ati\/wp-content\/uploads\/2021\/06\/22-300x64.gif 300w, https:\/\/sites.uel.br\/ati\/wp-content\/uploads\/2021\/06\/22-768x164.gif 768w\" sizes=\"auto, (max-width: 1024px) 100vw, 1024px\" \/><\/figure>\n<\/div>\n\n\n<p>21- Ao verificar o checklist novamente, n\u00e3o haver\u00e1 mais pend\u00eancias. Nesse momento n\u00e3o h\u00e1 mais nenhum procedimento a realizar, somente aguardar o in\u00edcio da elei\u00e7\u00e3o.<\/p>\n\n\n<div class=\"wp-block-image is-resized is-style-default\">\n<figure class=\"aligncenter size-large\"><img loading=\"lazy\" decoding=\"async\" width=\"704\" height=\"131\" src=\"https:\/\/sites.uel.br\/ati\/wp-content\/uploads\/2021\/06\/23.gif\" alt=\"\" class=\"wp-image-910\" \/><\/figure>\n<\/div>\n\n\n<p>22- Ser\u00e1 necess\u00e1rio copiar o endere\u00e7o do link para acessar a vota\u00e7\u00e3o e disponibilizar para os eleitores, para isso, clique no bot\u00e3o \u201cA\u00e7\u00f5es\u201d e depois \u201cEnviar Email\u201d.<\/p>\n\n\n<div class=\"wp-block-image is-resized is-style-default\">\n<figure class=\"aligncenter size-large\"><img loading=\"lazy\" decoding=\"async\" width=\"1024\" height=\"221\" src=\"https:\/\/sites.uel.br\/ati\/wp-content\/uploads\/2021\/06\/26-1024x221.gif\" alt=\"\" class=\"wp-image-912\" srcset=\"https:\/\/sites.uel.br\/ati\/wp-content\/uploads\/2021\/06\/26-1024x221.gif 1024w, https:\/\/sites.uel.br\/ati\/wp-content\/uploads\/2021\/06\/26-300x65.gif 300w, https:\/\/sites.uel.br\/ati\/wp-content\/uploads\/2021\/06\/26-768x166.gif 768w\" sizes=\"auto, (max-width: 1024px) 100vw, 1024px\" \/><\/figure>\n<\/div>\n\n\n<p>23 \u2013 Copie o link indicado na seta, disponibilize em listas de e-mail de departamento. <strong>OBS: Nesse primeiro momento, n\u00e3o est\u00e1 dispon\u00edvel o envio autom\u00e1tico de e-mail por esse sistema, ser\u00e1 necess\u00e1rio copiar esse link e encaminhar por e-mail manualmente.<\/strong><\/p>\n\n\n<div class=\"wp-block-image is-resized is-style-default\">\n<figure class=\"aligncenter size-full\"><img loading=\"lazy\" decoding=\"async\" width=\"590\" height=\"610\" src=\"https:\/\/sites.uel.br\/ati\/wp-content\/uploads\/2021\/06\/Captura-de-tela-2026-03-03-094105.jpg\" alt=\"\" class=\"wp-image-3655\" srcset=\"https:\/\/sites.uel.br\/ati\/wp-content\/uploads\/2021\/06\/Captura-de-tela-2026-03-03-094105.jpg 590w, https:\/\/sites.uel.br\/ati\/wp-content\/uploads\/2021\/06\/Captura-de-tela-2026-03-03-094105-290x300.jpg 290w\" sizes=\"auto, (max-width: 590px) 100vw, 590px\" \/><\/figure>\n<\/div>\n\n\n<p>24- Aguarde o in\u00edcio da vota\u00e7\u00e3o, definido quando foi criado o Concurso Eleitoral, ficar\u00e1 com status \u201cInativa\u201d at\u00e9 o in\u00edcio.<\/p>\n\n\n<div class=\"wp-block-image is-resized is-style-default\">\n<figure class=\"aligncenter size-large\"><img loading=\"lazy\" decoding=\"async\" width=\"1024\" height=\"230\" src=\"https:\/\/sites.uel.br\/ati\/wp-content\/uploads\/2021\/06\/24-inativa-aguardar-inicio-eleicao-1-1024x230.gif\" alt=\"\" class=\"wp-image-914\" srcset=\"https:\/\/sites.uel.br\/ati\/wp-content\/uploads\/2021\/06\/24-inativa-aguardar-inicio-eleicao-1-1024x230.gif 1024w, https:\/\/sites.uel.br\/ati\/wp-content\/uploads\/2021\/06\/24-inativa-aguardar-inicio-eleicao-1-300x67.gif 300w, https:\/\/sites.uel.br\/ati\/wp-content\/uploads\/2021\/06\/24-inativa-aguardar-inicio-eleicao-1-768x172.gif 768w\" sizes=\"auto, (max-width: 1024px) 100vw, 1024px\" \/><\/figure>\n<\/div>\n\n\n<p>25- Quando iniciar a vota\u00e7\u00e3o o status da elei\u00e7\u00e3o ir\u00e1 mudar para \u201cAtiva\u201d e ser\u00e1 demostrado o progresso de eleitores que j\u00e1 votaram.<\/p>\n\n\n<div class=\"wp-block-image is-resized is-style-default\">\n<figure class=\"aligncenter size-large\"><img loading=\"lazy\" decoding=\"async\" width=\"1024\" height=\"230\" src=\"https:\/\/sites.uel.br\/ati\/wp-content\/uploads\/2021\/06\/29-1024x230.gif\" alt=\"\" class=\"wp-image-915\" srcset=\"https:\/\/sites.uel.br\/ati\/wp-content\/uploads\/2021\/06\/29-1024x230.gif 1024w, https:\/\/sites.uel.br\/ati\/wp-content\/uploads\/2021\/06\/29-300x67.gif 300w, https:\/\/sites.uel.br\/ati\/wp-content\/uploads\/2021\/06\/29-768x173.gif 768w\" sizes=\"auto, (max-width: 1024px) 100vw, 1024px\" \/><\/figure>\n<\/div>\n\n\n<p>26- Ao t\u00e9rmino da vota\u00e7\u00e3o o status alternar\u00e1 para \u201cEncerrada\u201d.<\/p>\n\n\n<div class=\"wp-block-image is-resized is-style-default\">\n<figure class=\"aligncenter size-large\"><img loading=\"lazy\" decoding=\"async\" width=\"1024\" height=\"228\" src=\"https:\/\/sites.uel.br\/ati\/wp-content\/uploads\/2021\/06\/29.1-1024x228.gif\" alt=\"\" class=\"wp-image-916\" srcset=\"https:\/\/sites.uel.br\/ati\/wp-content\/uploads\/2021\/06\/29.1-1024x228.gif 1024w, https:\/\/sites.uel.br\/ati\/wp-content\/uploads\/2021\/06\/29.1-300x67.gif 300w, https:\/\/sites.uel.br\/ati\/wp-content\/uploads\/2021\/06\/29.1-768x171.gif 768w\" sizes=\"auto, (max-width: 1024px) 100vw, 1024px\" \/><\/figure>\n<\/div>\n\n\n<p>27- Quando o status for Encerrada ser\u00e1 poss\u00edvel realiza a contagem dos votos, para isso clique no bot\u00e3o \u201cA\u00e7\u00f5es\u201d e \u201cContagem de votos\u201d.<\/p>\n\n\n<div class=\"wp-block-image is-resized is-style-default\">\n<figure class=\"aligncenter size-large\"><img loading=\"lazy\" decoding=\"async\" width=\"1024\" height=\"221\" src=\"https:\/\/sites.uel.br\/ati\/wp-content\/uploads\/2021\/06\/30-1024x221.gif\" alt=\"\" class=\"wp-image-917\" srcset=\"https:\/\/sites.uel.br\/ati\/wp-content\/uploads\/2021\/06\/30-1024x221.gif 1024w, https:\/\/sites.uel.br\/ati\/wp-content\/uploads\/2021\/06\/30-300x65.gif 300w, https:\/\/sites.uel.br\/ati\/wp-content\/uploads\/2021\/06\/30-768x166.gif 768w\" sizes=\"auto, (max-width: 1024px) 100vw, 1024px\" \/><\/figure>\n<\/div>\n\n\n<p>Ser\u00e1 exibida a mensagem abaixo, clique em Voltar<\/p>\n\n\n<div class=\"wp-block-image is-resized is-style-default\">\n<figure class=\"aligncenter size-large\"><img loading=\"lazy\" decoding=\"async\" width=\"1024\" height=\"177\" src=\"https:\/\/sites.uel.br\/ati\/wp-content\/uploads\/2021\/06\/31-1024x177.gif\" alt=\"\" class=\"wp-image-918\" srcset=\"https:\/\/sites.uel.br\/ati\/wp-content\/uploads\/2021\/06\/31-1024x177.gif 1024w, https:\/\/sites.uel.br\/ati\/wp-content\/uploads\/2021\/06\/31-300x52.gif 300w, https:\/\/sites.uel.br\/ati\/wp-content\/uploads\/2021\/06\/31-768x133.gif 768w\" sizes=\"auto, (max-width: 1024px) 100vw, 1024px\" \/><\/figure>\n<\/div>\n\n\n<div class=\"wp-block-cover is-light\" style=\"min-height:100px;aspect-ratio:unset;\"><img loading=\"lazy\" decoding=\"async\" width=\"1502\" height=\"270\" class=\"wp-block-cover__image-background wp-image-1333\" alt=\"\" src=\"https:\/\/sites.uel.br\/ati\/wp-content\/uploads\/2021\/06\/Fundo-Help-GOOGLE-menor.png\" style=\"object-position:0% 4%\" data-object-fit=\"cover\" data-object-position=\"0% 4%\" srcset=\"https:\/\/sites.uel.br\/ati\/wp-content\/uploads\/2021\/06\/Fundo-Help-GOOGLE-menor.png 1502w, https:\/\/sites.uel.br\/ati\/wp-content\/uploads\/2021\/06\/Fundo-Help-GOOGLE-menor-300x54.png 300w, https:\/\/sites.uel.br\/ati\/wp-content\/uploads\/2021\/06\/Fundo-Help-GOOGLE-menor-1024x184.png 1024w, https:\/\/sites.uel.br\/ati\/wp-content\/uploads\/2021\/06\/Fundo-Help-GOOGLE-menor-768x138.png 768w\" sizes=\"auto, (max-width: 1502px) 100vw, 1502px\" \/><span aria-hidden=\"true\" class=\"wp-block-cover__background has-background-dim-0 has-background-dim\"><\/span><div class=\"wp-block-cover__inner-container is-layout-flow wp-block-cover-is-layout-flow\">\n<p class=\"has-text-align-left has-verde-escuro-color has-text-color\" style=\"font-size:19px\"><strong>28- Finalmente ser\u00e1 poss\u00edvel realizar a apura\u00e7\u00e3o e verificar o resultado da elei\u00e7\u00e3o, a elei\u00e7\u00e3o estar\u00e1 com status \u201cEncerrada\u201d. <strong>Para a transpar\u00eancia e idoneidade do Concurso Eleitoral, no momento de realizar a apura\u00e7\u00e3o \u00e9 aconselh\u00e1vel estar presente representantes da comiss\u00e3o eleitoral ou realizar uma videoconfer\u00eancia para garantir o processo. <\/strong>Clique em \u201cVisualizar a apura\u00e7\u00e3o\u201d..<\/strong><\/p>\n<\/div><\/div>\n\n\n<div class=\"wp-block-image is-resized is-style-default\">\n<figure class=\"aligncenter size-large\"><img loading=\"lazy\" decoding=\"async\" width=\"1024\" height=\"225\" src=\"https:\/\/sites.uel.br\/ati\/wp-content\/uploads\/2021\/06\/32-1024x225.gif\" alt=\"\" class=\"wp-image-919\" srcset=\"https:\/\/sites.uel.br\/ati\/wp-content\/uploads\/2021\/06\/32-1024x225.gif 1024w, https:\/\/sites.uel.br\/ati\/wp-content\/uploads\/2021\/06\/32-300x66.gif 300w, https:\/\/sites.uel.br\/ati\/wp-content\/uploads\/2021\/06\/32-768x169.gif 768w\" sizes=\"auto, (max-width: 1024px) 100vw, 1024px\" \/><\/figure>\n<\/div>\n\n\n<p>29- Na tela de apura\u00e7\u00e3o ser\u00e1 demonstrado a quantidade de votos recebidos para cada chapa, quantidade de votos em Branco e votos Nulos. Tamb\u00e9m \u00e9 apresentado a quantidade de Eleitores e quantos votos efetivos a elei\u00e7\u00e3o obteve.<\/p>\n\n\n<div class=\"wp-block-image is-resized is-style-default\">\n<figure class=\"aligncenter size-large\"><img loading=\"lazy\" decoding=\"async\" width=\"1024\" height=\"264\" src=\"https:\/\/sites.uel.br\/ati\/wp-content\/uploads\/2021\/06\/33-1024x264.gif\" alt=\"\" class=\"wp-image-920\" srcset=\"https:\/\/sites.uel.br\/ati\/wp-content\/uploads\/2021\/06\/33-1024x264.gif 1024w, https:\/\/sites.uel.br\/ati\/wp-content\/uploads\/2021\/06\/33-300x77.gif 300w, https:\/\/sites.uel.br\/ati\/wp-content\/uploads\/2021\/06\/33-768x198.gif 768w, https:\/\/sites.uel.br\/ati\/wp-content\/uploads\/2021\/06\/33-1536x395.gif 1536w\" sizes=\"auto, (max-width: 1024px) 100vw, 1024px\" \/><\/figure>\n<\/div>\n\n\n<p>\u00c9 poss\u00edvel realizar o download em arquivo PDF do relat\u00f3rio de Votos (por n\u00famero de Chapa) e o relat\u00f3rio de Votos (por ordem de coloca\u00e7\u00e3o) para ser impresso e afixado em local p\u00fablico.<\/p>\n\n\n\n<p>A Lista de votantes tamb\u00e9m \u00e9 disponibilizada com os nomes de todos os eleitores que realmente votaram, para eventual necessidade.<\/p>\n\n\n\n<p>O Processo eleitoral com o sistema SAELE est\u00e1 finalizado.<\/p>\n\n\n\n<div class=\"wp-block-cover is-light\" style=\"min-height:100px;aspect-ratio:unset;\"><img loading=\"lazy\" decoding=\"async\" width=\"1502\" height=\"270\" class=\"wp-block-cover__image-background wp-image-1333\" alt=\"\" src=\"https:\/\/sites.uel.br\/ati\/wp-content\/uploads\/2021\/06\/Fundo-Help-GOOGLE-menor.png\" style=\"object-position:2% 0%\" data-object-fit=\"cover\" data-object-position=\"2% 0%\" srcset=\"https:\/\/sites.uel.br\/ati\/wp-content\/uploads\/2021\/06\/Fundo-Help-GOOGLE-menor.png 1502w, https:\/\/sites.uel.br\/ati\/wp-content\/uploads\/2021\/06\/Fundo-Help-GOOGLE-menor-300x54.png 300w, https:\/\/sites.uel.br\/ati\/wp-content\/uploads\/2021\/06\/Fundo-Help-GOOGLE-menor-1024x184.png 1024w, https:\/\/sites.uel.br\/ati\/wp-content\/uploads\/2021\/06\/Fundo-Help-GOOGLE-menor-768x138.png 768w\" sizes=\"auto, (max-width: 1502px) 100vw, 1502px\" \/><span aria-hidden=\"true\" class=\"wp-block-cover__background has-background-dim-0 has-background-dim\"><\/span><div class=\"wp-block-cover__inner-container is-layout-flow wp-block-cover-is-layout-flow\">\n<p class=\"has-verde-escuro-color has-text-color\" style=\"font-size:19px\"><strong>ATEN\u00c7\u00c3O:  No processo de vota\u00e7\u00e3o dever\u00e1 ser utilizado obrigatoriamente microcomputadores ou notebooks, visto que o sistema n\u00e3o foi otimizado para uso em dispositivos m\u00f3veis  (celulares, tablets) o que pode ocasionar falha na vota\u00e7\u00e3o.<\/strong><\/p>\n<\/div><\/div>\n\n\n\n<div style=\"height:50px\" aria-hidden=\"true\" class=\"wp-block-spacer\"><\/div>\n\n\n\n<hr class=\"wp-block-separator has-css-opacity is-style-wide\" \/>\n\n\n\n<div style=\"height:50px\" aria-hidden=\"true\" class=\"wp-block-spacer\"><\/div>\n\n\n\n<p class=\"has-text-align-center\"><strong>Em caso de d\u00favidas, entre em contato com nossos <a href=\"https:\/\/sites.uel.br\/ati\/atendimento\/\">canais de atendimento<\/a><\/strong><\/p>\n\n\n\n<div style=\"height:50px\" aria-hidden=\"true\" class=\"wp-block-spacer\"><\/div>\n\n\n\n<p><\/p>\n","protected":false},"excerpt":{"rendered":"<p>1 \u2013 Acessar o link https:\/\/eleicoes.uel.br\/saele\/LoginAdm.php e fazer login com seu usu\u00e1rio e a senha (mesma senha do portal do servidor). 2- Na tela seguinte ser\u00e1 necess\u00e1rio adicionar um novo processo eleitoral, clicando em \u201cIncluir Concurso Eleitoral\u201d. 3- Ser\u00e1 aberta uma janela para adicionar algumas informa\u00e7\u00f5es sobre o novo concurso eleitoral. Adicione uma breve descri\u00e7\u00e3o [&hellip;]<\/p>\n","protected":false},"author":10,"featured_media":883,"comment_status":"open","ping_status":"open","sticky":false,"template":"","format":"standard","meta":{"_acf_changed":false,"_themeisle_gutenberg_block_has_review":false,"footnotes":""},"categories":[4],"tags":[],"class_list":["post-881","post","type-post","status-publish","format-standard","has-post-thumbnail","hentry","category-tutorial"],"acf":[],"_links":{"self":[{"href":"https:\/\/sites.uel.br\/ati\/wp-json\/wp\/v2\/posts\/881","targetHints":{"allow":["GET"]}}],"collection":[{"href":"https:\/\/sites.uel.br\/ati\/wp-json\/wp\/v2\/posts"}],"about":[{"href":"https:\/\/sites.uel.br\/ati\/wp-json\/wp\/v2\/types\/post"}],"author":[{"embeddable":true,"href":"https:\/\/sites.uel.br\/ati\/wp-json\/wp\/v2\/users\/10"}],"replies":[{"embeddable":true,"href":"https:\/\/sites.uel.br\/ati\/wp-json\/wp\/v2\/comments?post=881"}],"version-history":[{"count":25,"href":"https:\/\/sites.uel.br\/ati\/wp-json\/wp\/v2\/posts\/881\/revisions"}],"predecessor-version":[{"id":3656,"href":"https:\/\/sites.uel.br\/ati\/wp-json\/wp\/v2\/posts\/881\/revisions\/3656"}],"wp:featuredmedia":[{"embeddable":true,"href":"https:\/\/sites.uel.br\/ati\/wp-json\/wp\/v2\/media\/883"}],"wp:attachment":[{"href":"https:\/\/sites.uel.br\/ati\/wp-json\/wp\/v2\/media?parent=881"}],"wp:term":[{"taxonomy":"category","embeddable":true,"href":"https:\/\/sites.uel.br\/ati\/wp-json\/wp\/v2\/categories?post=881"},{"taxonomy":"post_tag","embeddable":true,"href":"https:\/\/sites.uel.br\/ati\/wp-json\/wp\/v2\/tags?post=881"}],"curies":[{"name":"wp","href":"https:\/\/api.w.org\/{rel}","templated":true}]}}