{"id":912,"date":"2022-09-16T13:49:16","date_gmt":"2022-09-16T16:49:16","guid":{"rendered":"https:\/\/sites.uel.br\/aintec\/?p=912"},"modified":"2022-09-16T13:49:17","modified_gmt":"2022-09-16T16:49:17","slug":"assinatura-dos-termos-de-compromisso-dos-projetos-ingressantes-na-intuel-em-2022","status":"publish","type":"post","link":"https:\/\/sites.uel.br\/aintec\/sem-categoria\/2022\/09\/16\/assinatura-dos-termos-de-compromisso-dos-projetos-ingressantes-na-intuel-em-2022\/","title":{"rendered":"Assinatura dos termos de compromisso dos projetos ingressantes na INTUEL em 2022."},"content":{"rendered":"\n<p>A Ag\u00eancia de Inova\u00e7\u00e3o Tecnol\u00f3gica recebeu hoje, dia 15 de setembro, os projetos ingressantes no processo de incuba\u00e7\u00e3o para a assinatura dos Termos de Compromisso.<\/p>\n\n\n\n<p>O evento ocorreu na sede da AINTEC \u00e0s 11h, e contou com a presen\u00e7a da Reitora Marta Favaro, do Diretor da AINTEC, Edson A. Miura, do Gerente da INTUEL, Thiago Spiri e da equipe interna da Ag\u00eancia.&nbsp;<\/p>\n\n\n\n<p>Estavam presentes, ainda, os representantes das empresas ingressantes, como Luiz Guilherme Lira de Arruda representando a Fantus, Janaina Mantovan a Profiber, xx a iCrop, Aline Hanny a ECOLETA e Ligia Fahl Fonseca a OAZO.&nbsp;<\/p>\n\n\n\n<p>A solenidade marcou a assinatura dos termos de compromisso envolvendo os projetos e a Universidade, oficializando a incuba\u00e7\u00e3o destas empresas na Incubadora Internacional de Empresas de Base Tecnol\u00f3gica, a INTUEL. Durante esse per\u00edodo, as empresas passam por acompanhamentos e recebem diversos apoios da Incubadora.<\/p>\n\n\n\n<p>Tendo como base o programa CERNE, a incuba\u00e7\u00e3o analisa o desenvolvimento das empresas levando em considera\u00e7\u00e3o cinco dimens\u00f5es: o eixo de tecnologia, de capital, de mercado, de gest\u00e3o e empreendedor. Assim, a contribui\u00e7\u00e3o da INTUEL leva em considera\u00e7\u00e3o a realidade das empresas em seus diferentes \u00e2mbitos.<\/p>\n\n\n\n<p>Spiri ressalta: \u201cEsse evento teve sua import\u00e2ncia por marcar a retomada do processo seletivo. Foi um momento de apresentar o espa\u00e7o da Ag\u00eancia como um todo e consolidar a rela\u00e7\u00e3o junto a Universidade, possibilitando o apoio ao desenvolvimento de novas tecnologias geradas pelos empreendedores.\u201d .<\/p>\n\n\n\n<p>O evento proporcionou um espa\u00e7o de intera\u00e7\u00e3o entre as incubadas ingressantes, a AINTEC e a Reitoria da Universidade, gerando resultados positivos e afirmando esse trabalho que j\u00e1 vem sendo desenvolvido pela INTUEL.<\/p>\n\n\n<div class=\"wp-block-image\">\n<figure class=\"aligncenter size-large is-resized\"><img loading=\"lazy\" decoding=\"async\" src=\"https:\/\/sites.uel.br\/aintec\/wp-content\/uploads\/2022\/09\/DSC_0209-1024x683.jpg\" alt=\"\" class=\"wp-image-920\" width=\"761\" height=\"508\" srcset=\"https:\/\/sites.uel.br\/aintec\/wp-content\/uploads\/2022\/09\/DSC_0209-1024x683.jpg 1024w, https:\/\/sites.uel.br\/aintec\/wp-content\/uploads\/2022\/09\/DSC_0209-300x200.jpg 300w, https:\/\/sites.uel.br\/aintec\/wp-content\/uploads\/2022\/09\/DSC_0209-768x512.jpg 768w, https:\/\/sites.uel.br\/aintec\/wp-content\/uploads\/2022\/09\/DSC_0209-1536x1024.jpg 1536w, https:\/\/sites.uel.br\/aintec\/wp-content\/uploads\/2022\/09\/DSC_0209-2048x1365.jpg 2048w\" sizes=\"auto, (max-width: 761px) 100vw, 761px\" \/><figcaption>Todos os assinantes do Termo de Compromisso.<\/figcaption><\/figure>\n<\/div>\n\n<div class=\"wp-block-image\">\n<figure class=\"aligncenter size-large is-resized\"><img loading=\"lazy\" decoding=\"async\" src=\"https:\/\/sites.uel.br\/aintec\/wp-content\/uploads\/2022\/09\/DSC_0178-1024x683.jpg\" alt=\"\" class=\"wp-image-913\" width=\"765\" height=\"510\" srcset=\"https:\/\/sites.uel.br\/aintec\/wp-content\/uploads\/2022\/09\/DSC_0178-1024x683.jpg 1024w, https:\/\/sites.uel.br\/aintec\/wp-content\/uploads\/2022\/09\/DSC_0178-300x200.jpg 300w, https:\/\/sites.uel.br\/aintec\/wp-content\/uploads\/2022\/09\/DSC_0178-768x512.jpg 768w, https:\/\/sites.uel.br\/aintec\/wp-content\/uploads\/2022\/09\/DSC_0178-1536x1024.jpg 1536w, https:\/\/sites.uel.br\/aintec\/wp-content\/uploads\/2022\/09\/DSC_0178-2048x1365.jpg 2048w\" sizes=\"auto, (max-width: 765px) 100vw, 765px\" \/><figcaption><strong>Representantes das incubadas ingressantes: iCrop, ECOLETA, OAZO, Profiber e Fantus.<\/strong><\/figcaption><\/figure>\n<\/div>\n\n<div class=\"wp-block-image\">\n<figure class=\"aligncenter size-large is-resized\"><img loading=\"lazy\" decoding=\"async\" src=\"https:\/\/sites.uel.br\/aintec\/wp-content\/uploads\/2022\/09\/DSC_0184-1024x683.jpg\" alt=\"\" class=\"wp-image-914\" width=\"768\" height=\"512\" srcset=\"https:\/\/sites.uel.br\/aintec\/wp-content\/uploads\/2022\/09\/DSC_0184-1024x683.jpg 1024w, https:\/\/sites.uel.br\/aintec\/wp-content\/uploads\/2022\/09\/DSC_0184-300x200.jpg 300w, https:\/\/sites.uel.br\/aintec\/wp-content\/uploads\/2022\/09\/DSC_0184-768x512.jpg 768w, https:\/\/sites.uel.br\/aintec\/wp-content\/uploads\/2022\/09\/DSC_0184-1536x1024.jpg 1536w, https:\/\/sites.uel.br\/aintec\/wp-content\/uploads\/2022\/09\/DSC_0184-2048x1365.jpg 2048w\" sizes=\"auto, (max-width: 768px) 100vw, 768px\" \/><figcaption><strong>Marta Favaro, Reitora da Universidade, assina o Termo da empresa ECOLETA representada por Aline Hanny<\/strong>.<\/figcaption><\/figure>\n<\/div>\n\n<div class=\"wp-block-image\">\n<figure class=\"aligncenter size-large is-resized\"><img loading=\"lazy\" decoding=\"async\" src=\"https:\/\/sites.uel.br\/aintec\/wp-content\/uploads\/2022\/09\/DSC_0187-1024x683.jpg\" alt=\"\" class=\"wp-image-915\" width=\"777\" height=\"519\" srcset=\"https:\/\/sites.uel.br\/aintec\/wp-content\/uploads\/2022\/09\/DSC_0187-1024x683.jpg 1024w, https:\/\/sites.uel.br\/aintec\/wp-content\/uploads\/2022\/09\/DSC_0187-300x200.jpg 300w, https:\/\/sites.uel.br\/aintec\/wp-content\/uploads\/2022\/09\/DSC_0187-768x512.jpg 768w, https:\/\/sites.uel.br\/aintec\/wp-content\/uploads\/2022\/09\/DSC_0187-1536x1024.jpg 1536w, https:\/\/sites.uel.br\/aintec\/wp-content\/uploads\/2022\/09\/DSC_0187-2048x1365.jpg 2048w\" sizes=\"auto, (max-width: 777px) 100vw, 777px\" \/><figcaption><strong>Luiz Guilherme Lira de Arruda, assina o Termo da empresa Fantus.<\/strong><\/figcaption><\/figure>\n<\/div>\n\n<div class=\"wp-block-image\">\n<figure class=\"aligncenter size-large is-resized\"><img loading=\"lazy\" decoding=\"async\" src=\"https:\/\/sites.uel.br\/aintec\/wp-content\/uploads\/2022\/09\/DSC_0203-1024x683.jpg\" alt=\"\" class=\"wp-image-918\" width=\"777\" height=\"518\" srcset=\"https:\/\/sites.uel.br\/aintec\/wp-content\/uploads\/2022\/09\/DSC_0203-1024x683.jpg 1024w, https:\/\/sites.uel.br\/aintec\/wp-content\/uploads\/2022\/09\/DSC_0203-300x200.jpg 300w, https:\/\/sites.uel.br\/aintec\/wp-content\/uploads\/2022\/09\/DSC_0203-768x512.jpg 768w, https:\/\/sites.uel.br\/aintec\/wp-content\/uploads\/2022\/09\/DSC_0203-1536x1024.jpg 1536w, https:\/\/sites.uel.br\/aintec\/wp-content\/uploads\/2022\/09\/DSC_0203-2048x1365.jpg 2048w\" sizes=\"auto, (max-width: 777px) 100vw, 777px\" \/><figcaption><strong>Marta Favaro, Reitora da Universidade, assina o Termo da empresa OAZO representada por L\u00edgia Fahl Fonseca.<\/strong><\/figcaption><\/figure>\n<\/div>\n\n<div class=\"wp-block-image\">\n<figure class=\"aligncenter size-large is-resized\"><img loading=\"lazy\" decoding=\"async\" src=\"https:\/\/sites.uel.br\/aintec\/wp-content\/uploads\/2022\/09\/DSC_0204-1024x683.jpg\" alt=\"\" class=\"wp-image-919\" width=\"784\" height=\"523\" srcset=\"https:\/\/sites.uel.br\/aintec\/wp-content\/uploads\/2022\/09\/DSC_0204-1024x683.jpg 1024w, https:\/\/sites.uel.br\/aintec\/wp-content\/uploads\/2022\/09\/DSC_0204-300x200.jpg 300w, https:\/\/sites.uel.br\/aintec\/wp-content\/uploads\/2022\/09\/DSC_0204-768x512.jpg 768w, https:\/\/sites.uel.br\/aintec\/wp-content\/uploads\/2022\/09\/DSC_0204-1536x1024.jpg 1536w, https:\/\/sites.uel.br\/aintec\/wp-content\/uploads\/2022\/09\/DSC_0204-2048x1365.jpg 2048w\" sizes=\"auto, (max-width: 784px) 100vw, 784px\" \/><figcaption>J<strong>anaina Mantovan, representante da empresa Profiber, assina o Termo.<\/strong><\/figcaption><\/figure>\n<\/div>\n\n<div class=\"wp-block-image\">\n<figure class=\"aligncenter size-large is-resized\"><img loading=\"lazy\" decoding=\"async\" src=\"https:\/\/sites.uel.br\/aintec\/wp-content\/uploads\/2022\/09\/DSC_0194-1024x683.jpg\" alt=\"\" class=\"wp-image-917\" width=\"790\" height=\"527\" srcset=\"https:\/\/sites.uel.br\/aintec\/wp-content\/uploads\/2022\/09\/DSC_0194-1024x683.jpg 1024w, https:\/\/sites.uel.br\/aintec\/wp-content\/uploads\/2022\/09\/DSC_0194-300x200.jpg 300w, https:\/\/sites.uel.br\/aintec\/wp-content\/uploads\/2022\/09\/DSC_0194-768x512.jpg 768w, https:\/\/sites.uel.br\/aintec\/wp-content\/uploads\/2022\/09\/DSC_0194-1536x1024.jpg 1536w, https:\/\/sites.uel.br\/aintec\/wp-content\/uploads\/2022\/09\/DSC_0194-2048x1365.jpg 2048w\" sizes=\"auto, (max-width: 790px) 100vw, 790px\" \/><figcaption><strong>Esteve presente Guilherme, representando a iCrop.<\/strong><\/figcaption><\/figure>\n<\/div>","protected":false},"excerpt":{"rendered":"<p>A Ag\u00eancia de Inova\u00e7\u00e3o Tecnol\u00f3gica recebeu hoje, dia 15 de setembro, os projetos ingressantes no processo de incuba\u00e7\u00e3o para a assinatura dos Termos de Compromisso. O evento ocorreu na sede da AINTEC \u00e0s 11h, e contou com a presen\u00e7a da Reitora Marta Favaro, do Diretor da AINTEC, Edson A. Miura, do Gerente da INTUEL, Thiago [&hellip;]<\/p>\n","protected":false},"author":10,"featured_media":920,"comment_status":"open","ping_status":"open","sticky":false,"template":"","format":"standard","meta":{"footnotes":""},"categories":[1],"tags":[5,6,11,10,9,13],"class_list":["post-912","post","type-post","status-publish","format-standard","has-post-thumbnail","hentry","category-sem-categoria","tag-aintec","tag-eventos","tag-incubacao","tag-inovacao","tag-intuel","tag-solenidade"],"acf":[],"_links":{"self":[{"href":"https:\/\/sites.uel.br\/aintec\/wp-json\/wp\/v2\/posts\/912","targetHints":{"allow":["GET"]}}],"collection":[{"href":"https:\/\/sites.uel.br\/aintec\/wp-json\/wp\/v2\/posts"}],"about":[{"href":"https:\/\/sites.uel.br\/aintec\/wp-json\/wp\/v2\/types\/post"}],"author":[{"embeddable":true,"href":"https:\/\/sites.uel.br\/aintec\/wp-json\/wp\/v2\/users\/10"}],"replies":[{"embeddable":true,"href":"https:\/\/sites.uel.br\/aintec\/wp-json\/wp\/v2\/comments?post=912"}],"version-history":[{"count":2,"href":"https:\/\/sites.uel.br\/aintec\/wp-json\/wp\/v2\/posts\/912\/revisions"}],"predecessor-version":[{"id":922,"href":"https:\/\/sites.uel.br\/aintec\/wp-json\/wp\/v2\/posts\/912\/revisions\/922"}],"wp:featuredmedia":[{"embeddable":true,"href":"https:\/\/sites.uel.br\/aintec\/wp-json\/wp\/v2\/media\/920"}],"wp:attachment":[{"href":"https:\/\/sites.uel.br\/aintec\/wp-json\/wp\/v2\/media?parent=912"}],"wp:term":[{"taxonomy":"category","embeddable":true,"href":"https:\/\/sites.uel.br\/aintec\/wp-json\/wp\/v2\/categories?post=912"},{"taxonomy":"post_tag","embeddable":true,"href":"https:\/\/sites.uel.br\/aintec\/wp-json\/wp\/v2\/tags?post=912"}],"curies":[{"name":"wp","href":"https:\/\/api.w.org\/{rel}","templated":true}]}}