{"id":904,"date":"2022-09-14T16:24:43","date_gmt":"2022-09-14T19:24:43","guid":{"rendered":"https:\/\/sites.uel.br\/aintec\/?p=904"},"modified":"2022-10-11T13:42:56","modified_gmt":"2022-10-11T16:42:56","slug":"assinatura-de-acordo-de-cooperacao-tecnico-cientifica-e-inovacao-tecnologica","status":"publish","type":"post","link":"https:\/\/sites.uel.br\/aintec\/sem-categoria\/2022\/09\/14\/assinatura-de-acordo-de-cooperacao-tecnico-cientifica-e-inovacao-tecnologica\/","title":{"rendered":"Assinatura de acordo de coopera\u00e7\u00e3o t\u00e9cnico-cient\u00edfica e inova\u00e7\u00e3o tecnol\u00f3gica."},"content":{"rendered":"\n<p>No dia 31 de agosto, a AINTEC promoveu em sua sede a solenidade da assinatura do acordo de coopera\u00e7\u00e3o t\u00e9cnico-cient\u00edfica e inova\u00e7\u00e3o tecnol\u00f3gica entre a UEL com a empresa AAC&amp;T Consultoria de Pesquisa Ltda e com participa\u00e7\u00e3o da Funda\u00e7\u00e3o de Apoio ao Desenvolvimento da UEL, a FAUEL.<\/p>\n\n\n\n<p>Este acordo de coopera\u00e7\u00e3o tem como finalidade o desenvolvimento de um Sistema Integrado de Simula\u00e7\u00e3o de Doen\u00e7as (SISD), e atrav\u00e9s dele ser\u00e1 poss\u00edvel que pesquisadores da UEL desenvolvam uma plataforma para a avalia\u00e7\u00e3o epidemiol\u00f3gica de diversas doen\u00e7as como Dengue, Covid-19 e Chikungunya.&nbsp;<\/p>\n\n\n\n<p>A parceria prev\u00ea tanto a formula\u00e7\u00e3o da plataforma pelos pesquisadores de ambas as partes, quanto a sua valida\u00e7\u00e3o epidemiol\u00f3gica.<\/p>\n\n\n\n<p>O evento contou com a presen\u00e7a da atual Reitora da Universidade, Marta Favaro, do Diretor da AINTEC, Edson A. Miura, da Diretora Presidente da Funda\u00e7\u00e3o de Apoio da UEL, Gra\u00e7a Maria Sim\u00f5es Luz, do professor do Departamento de Matem\u00e1tica da UEL, Paulo Liboni, dos s\u00f3cios da AAC&amp;T, Thiago Garcia e Camila Marinelli Martins e do Assessor T\u00e9cnico da AINTEC, Marinno Arthur.<\/p>\n\n\n\n<p>A assinatura marca uma importante conquista da Universidade, que avan\u00e7a nessa \u00e1rea essencial de produ\u00e7\u00e3o e difus\u00e3o de tecnologias inovadoras, com a Ag\u00eancia de Inova\u00e7\u00e3o Tecnol\u00f3gica agindo de forma ativa a contribuir para o desenvolvimento tecnol\u00f3gico da Universidade.<\/p>\n\n\n<div class=\"wp-block-image\">\n<figure class=\"aligncenter size-large is-resized\"><img loading=\"lazy\" decoding=\"async\" src=\"https:\/\/sites.uel.br\/aintec\/wp-content\/uploads\/2022\/09\/DSC_0089-1-1024x683.jpg\" alt=\"\" class=\"wp-image-905\" width=\"775\" height=\"517\" srcset=\"https:\/\/sites.uel.br\/aintec\/wp-content\/uploads\/2022\/09\/DSC_0089-1-1024x683.jpg 1024w, https:\/\/sites.uel.br\/aintec\/wp-content\/uploads\/2022\/09\/DSC_0089-1-300x200.jpg 300w, https:\/\/sites.uel.br\/aintec\/wp-content\/uploads\/2022\/09\/DSC_0089-1-768x512.jpg 768w, https:\/\/sites.uel.br\/aintec\/wp-content\/uploads\/2022\/09\/DSC_0089-1-1536x1024.jpg 1536w, https:\/\/sites.uel.br\/aintec\/wp-content\/uploads\/2022\/09\/DSC_0089-1-2048x1365.jpg 2048w\" sizes=\"auto, (max-width: 775px) 100vw, 775px\" \/><figcaption>Todos os assinantes do Acordo de Coopera\u00e7\u00e3o.<\/figcaption><\/figure>\n<\/div>\n\n<div class=\"wp-block-image\">\n<figure class=\"aligncenter size-large is-resized\"><img loading=\"lazy\" decoding=\"async\" src=\"https:\/\/sites.uel.br\/aintec\/wp-content\/uploads\/2022\/09\/DSC_0072-1-1024x683.jpg\" alt=\"\" class=\"wp-image-907\" width=\"779\" height=\"520\" srcset=\"https:\/\/sites.uel.br\/aintec\/wp-content\/uploads\/2022\/09\/DSC_0072-1-1024x683.jpg 1024w, https:\/\/sites.uel.br\/aintec\/wp-content\/uploads\/2022\/09\/DSC_0072-1-300x200.jpg 300w, https:\/\/sites.uel.br\/aintec\/wp-content\/uploads\/2022\/09\/DSC_0072-1-768x512.jpg 768w, https:\/\/sites.uel.br\/aintec\/wp-content\/uploads\/2022\/09\/DSC_0072-1-1536x1024.jpg 1536w, https:\/\/sites.uel.br\/aintec\/wp-content\/uploads\/2022\/09\/DSC_0072-1-2048x1365.jpg 2048w\" sizes=\"auto, (max-width: 779px) 100vw, 779px\" \/><figcaption>Marta Favaro, Reitora da Universidade, assina o Acordo de Coopera\u00e7\u00e3o.<\/figcaption><\/figure>\n<\/div>\n\n<div class=\"wp-block-image\">\n<figure class=\"aligncenter size-large is-resized\"><img loading=\"lazy\" decoding=\"async\" src=\"https:\/\/sites.uel.br\/aintec\/wp-content\/uploads\/2022\/09\/DSC_0074-1-1-1024x683.jpg\" alt=\"\" class=\"wp-image-908\" width=\"783\" height=\"522\" srcset=\"https:\/\/sites.uel.br\/aintec\/wp-content\/uploads\/2022\/09\/DSC_0074-1-1-1024x683.jpg 1024w, https:\/\/sites.uel.br\/aintec\/wp-content\/uploads\/2022\/09\/DSC_0074-1-1-300x200.jpg 300w, https:\/\/sites.uel.br\/aintec\/wp-content\/uploads\/2022\/09\/DSC_0074-1-1-768x512.jpg 768w, https:\/\/sites.uel.br\/aintec\/wp-content\/uploads\/2022\/09\/DSC_0074-1-1-1536x1024.jpg 1536w, https:\/\/sites.uel.br\/aintec\/wp-content\/uploads\/2022\/09\/DSC_0074-1-1-2048x1365.jpg 2048w\" sizes=\"auto, (max-width: 783px) 100vw, 783px\" \/><figcaption>Edson A. Miura, Diretor da AINTEC, assina o Acordo de Coopera\u00e7\u00e3o.<\/figcaption><\/figure>\n<\/div>\n\n\n<p><\/p>\n","protected":false},"excerpt":{"rendered":"<p>No dia 31 de agosto, a AINTEC promoveu em sua sede a solenidade da assinatura do acordo de coopera\u00e7\u00e3o t\u00e9cnico-cient\u00edfica e inova\u00e7\u00e3o tecnol\u00f3gica entre a UEL com a empresa AAC&amp;T Consultoria de Pesquisa Ltda e com participa\u00e7\u00e3o da Funda\u00e7\u00e3o de Apoio ao Desenvolvimento da UEL, a FAUEL. Este acordo de coopera\u00e7\u00e3o tem como finalidade o [&hellip;]<\/p>\n","protected":false},"author":10,"featured_media":905,"comment_status":"open","ping_status":"open","sticky":false,"template":"","format":"standard","meta":{"footnotes":""},"categories":[1],"tags":[5,6,13],"class_list":["post-904","post","type-post","status-publish","format-standard","has-post-thumbnail","hentry","category-sem-categoria","tag-aintec","tag-eventos","tag-solenidade"],"acf":[],"_links":{"self":[{"href":"https:\/\/sites.uel.br\/aintec\/wp-json\/wp\/v2\/posts\/904","targetHints":{"allow":["GET"]}}],"collection":[{"href":"https:\/\/sites.uel.br\/aintec\/wp-json\/wp\/v2\/posts"}],"about":[{"href":"https:\/\/sites.uel.br\/aintec\/wp-json\/wp\/v2\/types\/post"}],"author":[{"embeddable":true,"href":"https:\/\/sites.uel.br\/aintec\/wp-json\/wp\/v2\/users\/10"}],"replies":[{"embeddable":true,"href":"https:\/\/sites.uel.br\/aintec\/wp-json\/wp\/v2\/comments?post=904"}],"version-history":[{"count":5,"href":"https:\/\/sites.uel.br\/aintec\/wp-json\/wp\/v2\/posts\/904\/revisions"}],"predecessor-version":[{"id":1018,"href":"https:\/\/sites.uel.br\/aintec\/wp-json\/wp\/v2\/posts\/904\/revisions\/1018"}],"wp:featuredmedia":[{"embeddable":true,"href":"https:\/\/sites.uel.br\/aintec\/wp-json\/wp\/v2\/media\/905"}],"wp:attachment":[{"href":"https:\/\/sites.uel.br\/aintec\/wp-json\/wp\/v2\/media?parent=904"}],"wp:term":[{"taxonomy":"category","embeddable":true,"href":"https:\/\/sites.uel.br\/aintec\/wp-json\/wp\/v2\/categories?post=904"},{"taxonomy":"post_tag","embeddable":true,"href":"https:\/\/sites.uel.br\/aintec\/wp-json\/wp\/v2\/tags?post=904"}],"curies":[{"name":"wp","href":"https:\/\/api.w.org\/{rel}","templated":true}]}}