{"id":3739,"date":"2026-04-29T11:35:05","date_gmt":"2026-04-29T14:35:05","guid":{"rendered":"https:\/\/sites.uel.br\/aintec\/?p=3739"},"modified":"2026-04-29T14:35:23","modified_gmt":"2026-04-29T17:35:23","slug":"professora-do-cefe-karina-elaine-de-souza-silva-visita-a-aintec-intuel","status":"publish","type":"post","link":"https:\/\/sites.uel.br\/aintec\/visita-tecnica\/2026\/04\/29\/professora-do-cefe-karina-elaine-de-souza-silva-visita-a-aintec-intuel\/","title":{"rendered":"Professora do CEFE, Karina Elaine de Souza Silva, visita a AINTEC\/INTUEL"},"content":{"rendered":"\n<p>Na tarde desta ter\u00e7a-feira (28\/04\/2026), a AINTEC\/INTUEL recebeu a visita da Professora Dra. Karina Elaine de Souza Silva. Durante o encontro, a docente compartilhou sua trajet\u00f3ria em projetos de impacto, como o Simp\u00f3sio de Atividade F\u00edsica na Aten\u00e7\u00e3o \u00e0 Sa\u00fade e o planejamento estrat\u00e9gico do Departamento de Educa\u00e7\u00e3o F\u00edsica (DEF-CEFE) da UEL. O destaque da visita foi a apresenta\u00e7\u00e3o de seu novo projeto voltado \u00e0 cria\u00e7\u00e3o de uma Academia Escola de Atividade F\u00edsica e Sa\u00fade, iniciativa que conta com a mobiliza\u00e7\u00e3o do Deputado Tercilio Turini (MDB), deputado Alexandre Curi Presidente da Assembleia Legislativa e representantes da universidade.<\/p>\n\n\n\n<p>A professora buscou a Ag\u00eancia e a Incubadora para conhecer de perto as a\u00e7\u00f5es e servi\u00e7os prestados pela AINTEC\/INTUEL, visando identificar oportunidades para docentes e alunos do CEFE. O objetivo \u00e9 estabelecer parcerias que possam integrar o departamento ao ecossistema de inova\u00e7\u00e3o, explorando novas frentes de trabalho em conjunto que beneficiem tanto a comunidade acad\u00eamica quanto a sociedade.<\/p>\n\n\n\n<p>A recep\u00e7\u00e3o foi conduzida pelo consultor t\u00e9cnico da INTUEL e Agente Regional de Inova\u00e7\u00e3o (ARI), Prof. Dr. Thiago Spiri Ferreira. Destacou a energia e a vasta experi\u00eancia da professora com projetos de ensino e extens\u00e3o, classificando a visita como muito positiva e produtiva. Para Ferreira, essa aproxima\u00e7\u00e3o fortalecer\u00e1 as rela\u00e7\u00f5es institucionais e incentivar\u00e1 a inova\u00e7\u00e3o e os estudos em parceria, trazendo benef\u00edcios m\u00fatuos para a universidade e para o desenvolvimento regional.<\/p>\n\n\n\n<p>Fonte: Equipe de gest\u00e3o e comunica\u00e7\u00e3o da AINTEC.<\/p>\n\n\n\n<p><\/p>\n\n\n<div class=\"wp-block-image\">\n<figure class=\"aligncenter size-large is-resized\"><img loading=\"lazy\" decoding=\"async\" width=\"767\" height=\"1024\" src=\"https:\/\/sites.uel.br\/aintec\/wp-content\/uploads\/2026\/04\/WhatsApp-Image-2026-04-29-at-07.45.40-2-767x1024.jpeg\" alt=\"\" class=\"wp-image-3747\" style=\"aspect-ratio:0.7490361666972646;width:445px;height:auto\" srcset=\"https:\/\/sites.uel.br\/aintec\/wp-content\/uploads\/2026\/04\/WhatsApp-Image-2026-04-29-at-07.45.40-2-767x1024.jpeg 767w, https:\/\/sites.uel.br\/aintec\/wp-content\/uploads\/2026\/04\/WhatsApp-Image-2026-04-29-at-07.45.40-2-225x300.jpeg 225w, https:\/\/sites.uel.br\/aintec\/wp-content\/uploads\/2026\/04\/WhatsApp-Image-2026-04-29-at-07.45.40-2-768x1025.jpeg 768w, https:\/\/sites.uel.br\/aintec\/wp-content\/uploads\/2026\/04\/WhatsApp-Image-2026-04-29-at-07.45.40-2.jpeg 959w\" sizes=\"auto, (max-width: 767px) 100vw, 767px\" \/><figcaption class=\"wp-element-caption\">Dra. Karina Elaine de Souza Silva, Professora do CEFE e Prof. Dr. Thiago Spiri Ferreira consultor t\u00e9cnico da INTUEL e Agente Regional de Inova\u00e7\u00e3o (ARI)<\/figcaption><\/figure>\n<\/div>\n\n\n<p><\/p>\n","protected":false},"excerpt":{"rendered":"<p>Na tarde desta ter\u00e7a-feira (28\/04\/2026), a AINTEC\/INTUEL recebeu a visita da Professora Dra. Karina Elaine de Souza Silva. Durante o encontro, a docente compartilhou sua trajet\u00f3ria em projetos de impacto, como o Simp\u00f3sio de Atividade F\u00edsica na Aten\u00e7\u00e3o \u00e0 Sa\u00fade e o planejamento estrat\u00e9gico do Departamento de Educa\u00e7\u00e3o F\u00edsica (DEF-CEFE) da UEL. O destaque da [&hellip;]<\/p>\n","protected":false},"author":10,"featured_media":3742,"comment_status":"open","ping_status":"open","sticky":false,"template":"","format":"standard","meta":{"footnotes":""},"categories":[51,52,50],"tags":[],"class_list":["post-3739","post","type-post","status-publish","format-standard","has-post-thumbnail","hentry","category-aintec","category-intuel","category-visita-tecnica"],"acf":[],"_links":{"self":[{"href":"https:\/\/sites.uel.br\/aintec\/wp-json\/wp\/v2\/posts\/3739","targetHints":{"allow":["GET"]}}],"collection":[{"href":"https:\/\/sites.uel.br\/aintec\/wp-json\/wp\/v2\/posts"}],"about":[{"href":"https:\/\/sites.uel.br\/aintec\/wp-json\/wp\/v2\/types\/post"}],"author":[{"embeddable":true,"href":"https:\/\/sites.uel.br\/aintec\/wp-json\/wp\/v2\/users\/10"}],"replies":[{"embeddable":true,"href":"https:\/\/sites.uel.br\/aintec\/wp-json\/wp\/v2\/comments?post=3739"}],"version-history":[{"count":6,"href":"https:\/\/sites.uel.br\/aintec\/wp-json\/wp\/v2\/posts\/3739\/revisions"}],"predecessor-version":[{"id":3753,"href":"https:\/\/sites.uel.br\/aintec\/wp-json\/wp\/v2\/posts\/3739\/revisions\/3753"}],"wp:featuredmedia":[{"embeddable":true,"href":"https:\/\/sites.uel.br\/aintec\/wp-json\/wp\/v2\/media\/3742"}],"wp:attachment":[{"href":"https:\/\/sites.uel.br\/aintec\/wp-json\/wp\/v2\/media?parent=3739"}],"wp:term":[{"taxonomy":"category","embeddable":true,"href":"https:\/\/sites.uel.br\/aintec\/wp-json\/wp\/v2\/categories?post=3739"},{"taxonomy":"post_tag","embeddable":true,"href":"https:\/\/sites.uel.br\/aintec\/wp-json\/wp\/v2\/tags?post=3739"}],"curies":[{"name":"wp","href":"https:\/\/api.w.org\/{rel}","templated":true}]}}