{"id":3724,"date":"2026-04-28T11:18:47","date_gmt":"2026-04-28T14:18:47","guid":{"rendered":"https:\/\/sites.uel.br\/aintec\/?p=3724"},"modified":"2026-04-28T11:30:59","modified_gmt":"2026-04-28T14:30:59","slug":"prof-francisco-paletta-da-usp-ministra-disciplina-do-ppgci-na-aintec-e-destaca-os-desafios-da-era-digital","status":"publish","type":"post","link":"https:\/\/sites.uel.br\/aintec\/visita-tecnica\/2026\/04\/28\/prof-francisco-paletta-da-usp-ministra-disciplina-do-ppgci-na-aintec-e-destaca-os-desafios-da-era-digital\/","title":{"rendered":"Prof. Francisco Paletta, da USP, ministra disciplina do PPGCI na AINTEC e destaca os desafios da era digital"},"content":{"rendered":"\n<p>A Ag\u00eancia de Inova\u00e7\u00e3o da UEL (AINTEC) teve a honra de sediar, entre os dias 30\/03 e 02\/04, a disciplina &#8220;Organiza\u00e7\u00e3o, Acesso e Apropria\u00e7\u00e3o da Informa\u00e7\u00e3o e do Conhecimento&#8221;, ministrada pelo excelent\u00edssimo Prof. Dr. Francisco C. Paletta (USP). Integrada ao Programa de P\u00f3s-Gradua\u00e7\u00e3o em Ci\u00eancia da Informa\u00e7\u00e3o (PPGCI) da UEL , a disciplina reuniu alunos de mestrado e doutorado para explorar temas cruciais como Web de Dados, Intelig\u00eancia Artificial e \u00c9tica da Informa\u00e7\u00e3o.<\/p>\n\n\n\n<p>Durante as aulas, o Prof. Paletta compartilhou sua vasta experi\u00eancia internacional, proporcionando aos estudantes o acesso a materiais bibliogr\u00e1ficos de ponta, como as obras de Castells, Floridi e Glushko al\u00e9m de artigos escritos por ele, oportunizaram discuss\u00f5es sobre a r\u00e1pida evolu\u00e7\u00e3o da organiza\u00e7\u00e3o da informa\u00e7\u00e3o. O docente destacou a singularidade do perfil dos alunos de Londrina, enfatizando que a participa\u00e7\u00e3o ativa da turma \u00e9 o que realmente constr\u00f3i o conhecimento. Para ele, retornar \u00e0 UEL \u00e9 uma oportunidade valiosa de troca e de reflex\u00e3o sobre os desafios futuros da \u00e1rea, refor\u00e7ando os la\u00e7os acad\u00eamicos entre as institui\u00e7\u00f5es.<\/p>\n\n\n\n<p>O diretor da AINTEC, Edson A. Miura, acompanhou de perto as atividades e reiterou a import\u00e2ncia de parcerias que fomentem a inova\u00e7\u00e3o e o saber. Segundo Miura, promover o desenvolvimento humano \u00e9 um dos pilares que regem a ag\u00eancia, e receber especialistas do calibre do Prof. Paletta consolida a UEL como um polo de excel\u00eancia em Ci\u00eancia da Informa\u00e7\u00e3o. O evento foi encerrado com um agradecimento m\u00fatuo, celebrando o sucesso de mais uma etapa na produ\u00e7\u00e3o de conhecimento cient\u00edfico de alto impacto.<br>Na foto ao centro o prof. Paletta, ao seu lado esquerdo professor e aluno do PPGCI Thiago Spiri Ferreira e ao lado direito do docente o diretor Edson A. Miura.<\/p>\n\n\n\n<div style=\"height:100px\" aria-hidden=\"true\" class=\"wp-block-spacer\"><\/div>\n\n\n\n<figure class=\"wp-block-gallery has-nested-images columns-default is-cropped wp-block-gallery-1 is-layout-flex wp-block-gallery-is-layout-flex\">\n<figure class=\"wp-block-image size-large\"><img loading=\"lazy\" decoding=\"async\" width=\"1024\" height=\"768\" data-id=\"3729\" src=\"https:\/\/sites.uel.br\/aintec\/wp-content\/uploads\/2026\/04\/WhatsApp-Image-2026-04-27-at-20.14.14-1-1024x768.jpeg\" alt=\"\" class=\"wp-image-3729\" srcset=\"https:\/\/sites.uel.br\/aintec\/wp-content\/uploads\/2026\/04\/WhatsApp-Image-2026-04-27-at-20.14.14-1-1024x768.jpeg 1024w, https:\/\/sites.uel.br\/aintec\/wp-content\/uploads\/2026\/04\/WhatsApp-Image-2026-04-27-at-20.14.14-1-300x225.jpeg 300w, https:\/\/sites.uel.br\/aintec\/wp-content\/uploads\/2026\/04\/WhatsApp-Image-2026-04-27-at-20.14.14-1-768x576.jpeg 768w, https:\/\/sites.uel.br\/aintec\/wp-content\/uploads\/2026\/04\/WhatsApp-Image-2026-04-27-at-20.14.14-1-1536x1152.jpeg 1536w, https:\/\/sites.uel.br\/aintec\/wp-content\/uploads\/2026\/04\/WhatsApp-Image-2026-04-27-at-20.14.14-1.jpeg 1600w\" sizes=\"auto, (max-width: 1024px) 100vw, 1024px\" \/><\/figure>\n\n\n\n<figure class=\"wp-block-image size-large\"><img loading=\"lazy\" decoding=\"async\" width=\"1024\" height=\"768\" data-id=\"3730\" src=\"https:\/\/sites.uel.br\/aintec\/wp-content\/uploads\/2026\/04\/WhatsApp-Image-2026-04-27-at-20.14.13-1024x768.jpeg\" alt=\"\" class=\"wp-image-3730\" srcset=\"https:\/\/sites.uel.br\/aintec\/wp-content\/uploads\/2026\/04\/WhatsApp-Image-2026-04-27-at-20.14.13-1024x768.jpeg 1024w, https:\/\/sites.uel.br\/aintec\/wp-content\/uploads\/2026\/04\/WhatsApp-Image-2026-04-27-at-20.14.13-300x225.jpeg 300w, https:\/\/sites.uel.br\/aintec\/wp-content\/uploads\/2026\/04\/WhatsApp-Image-2026-04-27-at-20.14.13-768x576.jpeg 768w, https:\/\/sites.uel.br\/aintec\/wp-content\/uploads\/2026\/04\/WhatsApp-Image-2026-04-27-at-20.14.13-1536x1152.jpeg 1536w, https:\/\/sites.uel.br\/aintec\/wp-content\/uploads\/2026\/04\/WhatsApp-Image-2026-04-27-at-20.14.13.jpeg 1600w\" sizes=\"auto, (max-width: 1024px) 100vw, 1024px\" \/><\/figure>\n<\/figure>\n\n\n\n<p><\/p>\n","protected":false},"excerpt":{"rendered":"<p>A Ag\u00eancia de Inova\u00e7\u00e3o da UEL (AINTEC) teve a honra de sediar, entre os dias 30\/03 e 02\/04, a disciplina &#8220;Organiza\u00e7\u00e3o, Acesso e Apropria\u00e7\u00e3o da Informa\u00e7\u00e3o e do Conhecimento&#8221;, ministrada pelo excelent\u00edssimo Prof. Dr. Francisco C. Paletta (USP). Integrada ao Programa de P\u00f3s-Gradua\u00e7\u00e3o em Ci\u00eancia da Informa\u00e7\u00e3o (PPGCI) da UEL , a disciplina reuniu alunos [&hellip;]<\/p>\n","protected":false},"author":10,"featured_media":3731,"comment_status":"open","ping_status":"open","sticky":false,"template":"","format":"standard","meta":{"footnotes":""},"categories":[51,52,50],"tags":[],"class_list":["post-3724","post","type-post","status-publish","format-standard","has-post-thumbnail","hentry","category-aintec","category-intuel","category-visita-tecnica"],"acf":[],"_links":{"self":[{"href":"https:\/\/sites.uel.br\/aintec\/wp-json\/wp\/v2\/posts\/3724","targetHints":{"allow":["GET"]}}],"collection":[{"href":"https:\/\/sites.uel.br\/aintec\/wp-json\/wp\/v2\/posts"}],"about":[{"href":"https:\/\/sites.uel.br\/aintec\/wp-json\/wp\/v2\/types\/post"}],"author":[{"embeddable":true,"href":"https:\/\/sites.uel.br\/aintec\/wp-json\/wp\/v2\/users\/10"}],"replies":[{"embeddable":true,"href":"https:\/\/sites.uel.br\/aintec\/wp-json\/wp\/v2\/comments?post=3724"}],"version-history":[{"count":6,"href":"https:\/\/sites.uel.br\/aintec\/wp-json\/wp\/v2\/posts\/3724\/revisions"}],"predecessor-version":[{"id":3738,"href":"https:\/\/sites.uel.br\/aintec\/wp-json\/wp\/v2\/posts\/3724\/revisions\/3738"}],"wp:featuredmedia":[{"embeddable":true,"href":"https:\/\/sites.uel.br\/aintec\/wp-json\/wp\/v2\/media\/3731"}],"wp:attachment":[{"href":"https:\/\/sites.uel.br\/aintec\/wp-json\/wp\/v2\/media?parent=3724"}],"wp:term":[{"taxonomy":"category","embeddable":true,"href":"https:\/\/sites.uel.br\/aintec\/wp-json\/wp\/v2\/categories?post=3724"},{"taxonomy":"post_tag","embeddable":true,"href":"https:\/\/sites.uel.br\/aintec\/wp-json\/wp\/v2\/tags?post=3724"}],"curies":[{"name":"wp","href":"https:\/\/api.w.org\/{rel}","templated":true}]}}