{"id":2829,"date":"2025-03-26T17:59:54","date_gmt":"2025-03-26T20:59:54","guid":{"rendered":"https:\/\/sites.uel.br\/aintec\/?p=2829"},"modified":"2025-04-08T17:17:10","modified_gmt":"2025-04-08T20:17:10","slug":"uel-lidera-a-acriacao-do-primeiro-parque-tecnologico-em-uma-universidade-estadual-paranaense","status":"publish","type":"post","link":"https:\/\/sites.uel.br\/aintec\/sem-categoria\/2025\/03\/26\/uel-lidera-a-acriacao-do-primeiro-parque-tecnologico-em-uma-universidade-estadual-paranaense\/","title":{"rendered":"UEL lidera a cria\u00e7\u00e3o do primeiro Parque Tecnol\u00f3gico em uma Universidade Estadual Paranaense"},"content":{"rendered":"\n<p>No \u00faltimo dia 11 de mar\u00e7o de 2025, o governador Carlos Massa Ratinho Junior recebeu a apresenta\u00e7\u00e3o do projeto arquitet\u00f4nico do Centro de Inova\u00e7\u00e3o da Universidade Estadual de Londrina (UEL), que ser\u00e1 o primeiro a integrar o ambiente acad\u00eamico e de pesquisa da universidade com os setores p\u00fablico e privado, formando um Parque Tecnol\u00f3gico.<\/p>\n\n\n\n<p><br>O projeto, que contar\u00e1 com uma infraestrutura de 2 mil metros quadrados, \u00e9 resultado<br>de uma parceria entre a UEL, a Fam\u00edlia Yohsii e o Governo Estadual, atrav\u00e9s da iniciativa da Secretaria de Inova\u00e7\u00e3o, Moderniza\u00e7\u00e3o e Transforma\u00e7\u00e3o Digital (SEI), a Secretaria da Ci\u00eancia, Tecnologia e Ensino Superior (SETI) e a Funda\u00e7\u00e3o Arauc\u00e1ria. Kimiko Yoshii, doadora do Centro, ressaltou que a contribui\u00e7\u00e3o ao meio universit\u00e1rio \u00e9 uma forma de apoiar o que a UEL oferece, auxiliando na constru\u00e7\u00e3o de um futuro pautado pela pesquisa e pela inova\u00e7\u00e3o tecnol\u00f3gica.<\/p>\n\n\n\n<p>Kimiko Yoshii, doadora do Centro, ressaltou que a contribui\u00e7\u00e3o ao meio universit\u00e1rio \u00e9 uma forma de apoiar o que a UEL oferece, auxiliando na constru\u00e7\u00e3o de um futuro pautado pela pesquisa e pela inova\u00e7\u00e3o tecnol\u00f3gica.<\/p>\n\n\n\n<p><br>Com esse investimento, o Parque Tecnol\u00f3gico da UEL ser\u00e1 uma pe\u00e7a-chave para o<br>desenvolvimento local e o avan\u00e7o da inova\u00e7\u00e3o no Paran\u00e1. A reitora da UEL, Marta Favaro, destacou que a implanta\u00e7\u00e3o de novas solu\u00e7\u00f5es nas \u00e1reas de pesquisa vai impulsionar a cria\u00e7\u00e3o de conhecimentos por meio de laborat\u00f3rios inovadores, novas startups, mentorias e um ambiente prop\u00edcio para constru\u00e7\u00e3o de conhecimentos. <\/p>\n\n\n\n<p>Edson Miura, diretor da AINTEC, tamb\u00e9m destaca a atra\u00e7\u00e3o de novos investidores para o setor de inova\u00e7\u00e3o tecnol\u00f3gica, assim o projeto gerar\u00e1 novos postos de trabalho e fortalecer\u00e1 a economia local.<\/p>\n\n\n\n<p><br>O evento contou com a presen\u00e7a de diversas autoridades, como a reitora Marta Favaro, o prefeito de Londrina, Thiago Amaral, a deputada federal Luisa Canziani (PSD), o secret\u00e1rio estadual de Planejamento, Guto Silva, o secret\u00e1rio estadual da Inova\u00e7\u00e3o, Moderniza\u00e7\u00e3o e Transforma\u00e7\u00e3o Digital, Alex Canziani, secret\u00e1rio estadual da Ci\u00eancia, Tecnologia e Ensino Superior, Aldo Nelson Bona e a fam\u00edlia A.Yoshii, al\u00e9m do diretor da AINTEC, Edson Miura, o seu assessor t\u00e9cnico, Marinno Arthur e o Coordenador da INTUEL, Thiago Spiri. O centro ser\u00e1 essencial para fomentar a inova\u00e7\u00e3o, impulsionar o desenvolvimento regional e estreitar a colabora\u00e7\u00e3o entre a universidade, as empresas e o governo.<\/p>\n\n\n<div class=\"wp-block-image\">\n<figure class=\"aligncenter size-large is-resized\"><img loading=\"lazy\" decoding=\"async\" width=\"1024\" height=\"684\" src=\"https:\/\/sites.uel.br\/aintec\/wp-content\/uploads\/2025\/03\/whatsapp_image_2025-03-11_at_14.49.46_2-1024x684.webp\" alt=\"\" class=\"wp-image-2831\" style=\"width:880px;height:auto\" srcset=\"https:\/\/sites.uel.br\/aintec\/wp-content\/uploads\/2025\/03\/whatsapp_image_2025-03-11_at_14.49.46_2-1024x684.webp 1024w, https:\/\/sites.uel.br\/aintec\/wp-content\/uploads\/2025\/03\/whatsapp_image_2025-03-11_at_14.49.46_2-300x200.webp 300w, https:\/\/sites.uel.br\/aintec\/wp-content\/uploads\/2025\/03\/whatsapp_image_2025-03-11_at_14.49.46_2-768x513.webp 768w, https:\/\/sites.uel.br\/aintec\/wp-content\/uploads\/2025\/03\/whatsapp_image_2025-03-11_at_14.49.46_2.webp 1140w\" sizes=\"auto, (max-width: 1024px) 100vw, 1024px\" \/><\/figure>\n<\/div>","protected":false},"excerpt":{"rendered":"<p>No \u00faltimo dia 11 de mar\u00e7o de 2025, o governador Carlos Massa Ratinho Junior recebeu a apresenta\u00e7\u00e3o do projeto arquitet\u00f4nico do Centro de Inova\u00e7\u00e3o da Universidade Estadual de Londrina (UEL), que ser\u00e1 o primeiro a integrar o ambiente acad\u00eamico e de pesquisa da universidade com os setores p\u00fablico e privado, formando um Parque Tecnol\u00f3gico. O [&hellip;]<\/p>\n","protected":false},"author":10,"featured_media":2830,"comment_status":"open","ping_status":"open","sticky":false,"template":"","format":"standard","meta":{"footnotes":""},"categories":[1],"tags":[5,10,22],"class_list":["post-2829","post","type-post","status-publish","format-standard","has-post-thumbnail","hentry","category-sem-categoria","tag-aintec","tag-inovacao","tag-reuniao"],"acf":[],"_links":{"self":[{"href":"https:\/\/sites.uel.br\/aintec\/wp-json\/wp\/v2\/posts\/2829","targetHints":{"allow":["GET"]}}],"collection":[{"href":"https:\/\/sites.uel.br\/aintec\/wp-json\/wp\/v2\/posts"}],"about":[{"href":"https:\/\/sites.uel.br\/aintec\/wp-json\/wp\/v2\/types\/post"}],"author":[{"embeddable":true,"href":"https:\/\/sites.uel.br\/aintec\/wp-json\/wp\/v2\/users\/10"}],"replies":[{"embeddable":true,"href":"https:\/\/sites.uel.br\/aintec\/wp-json\/wp\/v2\/comments?post=2829"}],"version-history":[{"count":6,"href":"https:\/\/sites.uel.br\/aintec\/wp-json\/wp\/v2\/posts\/2829\/revisions"}],"predecessor-version":[{"id":2896,"href":"https:\/\/sites.uel.br\/aintec\/wp-json\/wp\/v2\/posts\/2829\/revisions\/2896"}],"wp:featuredmedia":[{"embeddable":true,"href":"https:\/\/sites.uel.br\/aintec\/wp-json\/wp\/v2\/media\/2830"}],"wp:attachment":[{"href":"https:\/\/sites.uel.br\/aintec\/wp-json\/wp\/v2\/media?parent=2829"}],"wp:term":[{"taxonomy":"category","embeddable":true,"href":"https:\/\/sites.uel.br\/aintec\/wp-json\/wp\/v2\/categories?post=2829"},{"taxonomy":"post_tag","embeddable":true,"href":"https:\/\/sites.uel.br\/aintec\/wp-json\/wp\/v2\/tags?post=2829"}],"curies":[{"name":"wp","href":"https:\/\/api.w.org\/{rel}","templated":true}]}}