{"id":2753,"date":"2025-02-21T16:49:13","date_gmt":"2025-02-21T19:49:13","guid":{"rendered":"https:\/\/sites.uel.br\/aintec\/?p=2753"},"modified":"2025-04-08T17:14:11","modified_gmt":"2025-04-08T20:14:11","slug":"aintec-realiza-reuniao-com-docentes-de-projetos-aprovados-do-mai-dai","status":"publish","type":"post","link":"https:\/\/sites.uel.br\/aintec\/sem-categoria\/2025\/02\/21\/aintec-realiza-reuniao-com-docentes-de-projetos-aprovados-do-mai-dai\/","title":{"rendered":"AINTEC realiza reuni\u00e3o com docentes de projetos aprovados do MAI DAI"},"content":{"rendered":"\n<p>No dia 14 de fevereiro, foi realizada nas instala\u00e7\u00f5es da AINTEC a reuni\u00e3o com os docentes com projetos aprovados pelo MAI DAI, que zela fortalecer a pesquisa e a inova\u00e7\u00e3o nas universidades, por meio do envolvimento de alunos de gradua\u00e7\u00e3o, mestrado, doutorado e em est\u00e1gio p\u00f3s-doutoral em projetos de coopera\u00e7\u00e3o com o setor empresarial.<br><br>Este programa oferece aos alunos a oportunidade de desenvolver projetos de pesquisa alinhados \u00e0s necessidades da ind\u00fastria. Para as empresas, permite vivenciar os benef\u00edcios e o potencial de contar com a academia envolvida em seus projetos, contribuindo para solu\u00e7\u00f5es inovadoras e de alto impacto.<br><br>A reuni\u00e3o foi realizada pela AINTEC e pela Pro-Reitoria de Pesquisa e P\u00f3s Gradua\u00e7\u00e3o da Universidade, representada pelo Diretor de Pesquisa, Prof. Dr. Eduardo Jos\u00e9 de Almeida Ara\u00fajo.<\/p>\n\n\n<div class=\"wp-block-image\">\n<figure class=\"aligncenter size-large is-resized\"><img loading=\"lazy\" decoding=\"async\" width=\"1024\" height=\"686\" src=\"https:\/\/sites.uel.br\/aintec\/wp-content\/uploads\/2025\/02\/Design-sem-nome-6-1024x686.jpg\" alt=\"\" class=\"wp-image-2755\" style=\"width:682px;height:auto\" srcset=\"https:\/\/sites.uel.br\/aintec\/wp-content\/uploads\/2025\/02\/Design-sem-nome-6-1024x686.jpg 1024w, https:\/\/sites.uel.br\/aintec\/wp-content\/uploads\/2025\/02\/Design-sem-nome-6-300x201.jpg 300w, https:\/\/sites.uel.br\/aintec\/wp-content\/uploads\/2025\/02\/Design-sem-nome-6-768x515.jpg 768w, https:\/\/sites.uel.br\/aintec\/wp-content\/uploads\/2025\/02\/Design-sem-nome-6-1536x1029.jpg 1536w, https:\/\/sites.uel.br\/aintec\/wp-content\/uploads\/2025\/02\/Design-sem-nome-6.jpg 1612w\" sizes=\"auto, (max-width: 1024px) 100vw, 1024px\" \/><\/figure>\n<\/div>\n\n\n<p><\/p>\n","protected":false},"excerpt":{"rendered":"<p>No dia 14 de fevereiro, foi realizada nas instala\u00e7\u00f5es da AINTEC a reuni\u00e3o com os docentes com projetos aprovados pelo MAI DAI, que zela fortalecer a pesquisa e a inova\u00e7\u00e3o nas universidades, por meio do envolvimento de alunos de gradua\u00e7\u00e3o, mestrado, doutorado e em est\u00e1gio p\u00f3s-doutoral em projetos de coopera\u00e7\u00e3o com o setor empresarial. Este [&hellip;]<\/p>\n","protected":false},"author":10,"featured_media":2754,"comment_status":"open","ping_status":"open","sticky":false,"template":"","format":"standard","meta":{"footnotes":""},"categories":[1],"tags":[5,10,22],"class_list":["post-2753","post","type-post","status-publish","format-standard","has-post-thumbnail","hentry","category-sem-categoria","tag-aintec","tag-inovacao","tag-reuniao"],"acf":[],"_links":{"self":[{"href":"https:\/\/sites.uel.br\/aintec\/wp-json\/wp\/v2\/posts\/2753","targetHints":{"allow":["GET"]}}],"collection":[{"href":"https:\/\/sites.uel.br\/aintec\/wp-json\/wp\/v2\/posts"}],"about":[{"href":"https:\/\/sites.uel.br\/aintec\/wp-json\/wp\/v2\/types\/post"}],"author":[{"embeddable":true,"href":"https:\/\/sites.uel.br\/aintec\/wp-json\/wp\/v2\/users\/10"}],"replies":[{"embeddable":true,"href":"https:\/\/sites.uel.br\/aintec\/wp-json\/wp\/v2\/comments?post=2753"}],"version-history":[{"count":3,"href":"https:\/\/sites.uel.br\/aintec\/wp-json\/wp\/v2\/posts\/2753\/revisions"}],"predecessor-version":[{"id":2894,"href":"https:\/\/sites.uel.br\/aintec\/wp-json\/wp\/v2\/posts\/2753\/revisions\/2894"}],"wp:featuredmedia":[{"embeddable":true,"href":"https:\/\/sites.uel.br\/aintec\/wp-json\/wp\/v2\/media\/2754"}],"wp:attachment":[{"href":"https:\/\/sites.uel.br\/aintec\/wp-json\/wp\/v2\/media?parent=2753"}],"wp:term":[{"taxonomy":"category","embeddable":true,"href":"https:\/\/sites.uel.br\/aintec\/wp-json\/wp\/v2\/categories?post=2753"},{"taxonomy":"post_tag","embeddable":true,"href":"https:\/\/sites.uel.br\/aintec\/wp-json\/wp\/v2\/tags?post=2753"}],"curies":[{"name":"wp","href":"https:\/\/api.w.org\/{rel}","templated":true}]}}