{"id":2728,"date":"2025-02-03T17:41:14","date_gmt":"2025-02-03T20:41:14","guid":{"rendered":"https:\/\/sites.uel.br\/aintec\/?p=2728"},"modified":"2025-04-08T17:13:04","modified_gmt":"2025-04-08T20:13:04","slug":"aceleradora-global-plug-and-play-visita-a-aintec-para-impulsionar-negocios-e-inovacao","status":"publish","type":"post","link":"https:\/\/sites.uel.br\/aintec\/sem-categoria\/2025\/02\/03\/aceleradora-global-plug-and-play-visita-a-aintec-para-impulsionar-negocios-e-inovacao\/","title":{"rendered":"Aceleradora Global Plug and Play visita a AINTEC para impulsionar neg\u00f3cios e inova\u00e7\u00e3o"},"content":{"rendered":"\n<p>Na \u00faltima sexta-feira, 31 de janeiro, a AINTEC abriu suas portas para receber em suas instala\u00e7\u00f5es integrantes da Plug and Play, uma aceleradora global de startups. O encontro foi rico em discuss\u00f5es sobre o crescimento das oportunidades da regi\u00e3o, reunindo inova\u00e7\u00f5es e ideias que podem impulsionar neg\u00f3cios futuros.<\/p>\n\n\n\n<p>Durante a visita, a AINTEC pode apresentar as potencialidades da Universidade e do ecossistema regional de inova\u00e7\u00e3o quanto a intera\u00e7\u00f5es p\u00fablico-privadas e a constru\u00e7\u00e3o de novos empreendimentos inovadores.<\/p>\n\n\n\n<p>Marinno comenta: &#8220;Foi um excelente momento de troca de ideias e possibilidade de aprofundar naquilo que podemos fazer com empresas e como ajudar nossa regi\u00e3o a se desenvolver ainda mais&#8221;.<\/p>\n\n\n<div class=\"wp-block-image\">\n<figure class=\"aligncenter size-large is-resized\"><img loading=\"lazy\" decoding=\"async\" width=\"1024\" height=\"768\" src=\"https:\/\/sites.uel.br\/aintec\/wp-content\/uploads\/2025\/02\/IMG_1874-1024x768.jpg\" alt=\"\" class=\"wp-image-2731\" style=\"width:694px;height:auto\" srcset=\"https:\/\/sites.uel.br\/aintec\/wp-content\/uploads\/2025\/02\/IMG_1874-1024x768.jpg 1024w, https:\/\/sites.uel.br\/aintec\/wp-content\/uploads\/2025\/02\/IMG_1874-300x225.jpg 300w, https:\/\/sites.uel.br\/aintec\/wp-content\/uploads\/2025\/02\/IMG_1874-768x576.jpg 768w, https:\/\/sites.uel.br\/aintec\/wp-content\/uploads\/2025\/02\/IMG_1874-1536x1152.jpg 1536w, https:\/\/sites.uel.br\/aintec\/wp-content\/uploads\/2025\/02\/IMG_1874-2048x1536.jpg 2048w\" sizes=\"auto, (max-width: 1024px) 100vw, 1024px\" \/><\/figure>\n<\/div>\n\n\n<p><\/p>\n","protected":false},"excerpt":{"rendered":"<p>Na \u00faltima sexta-feira, 31 de janeiro, a AINTEC abriu suas portas para receber em suas instala\u00e7\u00f5es integrantes da Plug and Play, uma aceleradora global de startups. O encontro foi rico em discuss\u00f5es sobre o crescimento das oportunidades da regi\u00e3o, reunindo inova\u00e7\u00f5es e ideias que podem impulsionar neg\u00f3cios futuros. Durante a visita, a AINTEC pode apresentar [&hellip;]<\/p>\n","protected":false},"author":10,"featured_media":2732,"comment_status":"open","ping_status":"open","sticky":false,"template":"","format":"standard","meta":{"footnotes":""},"categories":[1],"tags":[5,10,19],"class_list":["post-2728","post","type-post","status-publish","format-standard","has-post-thumbnail","hentry","category-sem-categoria","tag-aintec","tag-inovacao","tag-visita-tecnica"],"acf":[],"_links":{"self":[{"href":"https:\/\/sites.uel.br\/aintec\/wp-json\/wp\/v2\/posts\/2728","targetHints":{"allow":["GET"]}}],"collection":[{"href":"https:\/\/sites.uel.br\/aintec\/wp-json\/wp\/v2\/posts"}],"about":[{"href":"https:\/\/sites.uel.br\/aintec\/wp-json\/wp\/v2\/types\/post"}],"author":[{"embeddable":true,"href":"https:\/\/sites.uel.br\/aintec\/wp-json\/wp\/v2\/users\/10"}],"replies":[{"embeddable":true,"href":"https:\/\/sites.uel.br\/aintec\/wp-json\/wp\/v2\/comments?post=2728"}],"version-history":[{"count":4,"href":"https:\/\/sites.uel.br\/aintec\/wp-json\/wp\/v2\/posts\/2728\/revisions"}],"predecessor-version":[{"id":2892,"href":"https:\/\/sites.uel.br\/aintec\/wp-json\/wp\/v2\/posts\/2728\/revisions\/2892"}],"wp:featuredmedia":[{"embeddable":true,"href":"https:\/\/sites.uel.br\/aintec\/wp-json\/wp\/v2\/media\/2732"}],"wp:attachment":[{"href":"https:\/\/sites.uel.br\/aintec\/wp-json\/wp\/v2\/media?parent=2728"}],"wp:term":[{"taxonomy":"category","embeddable":true,"href":"https:\/\/sites.uel.br\/aintec\/wp-json\/wp\/v2\/categories?post=2728"},{"taxonomy":"post_tag","embeddable":true,"href":"https:\/\/sites.uel.br\/aintec\/wp-json\/wp\/v2\/tags?post=2728"}],"curies":[{"name":"wp","href":"https:\/\/api.w.org\/{rel}","templated":true}]}}