{"id":2721,"date":"2025-01-24T17:02:54","date_gmt":"2025-01-24T20:02:54","guid":{"rendered":"https:\/\/sites.uel.br\/aintec\/?p=2721"},"modified":"2025-04-08T17:12:27","modified_gmt":"2025-04-08T20:12:27","slug":"delegacao-italiana-visita-as-instalacoes-da-aintec","status":"publish","type":"post","link":"https:\/\/sites.uel.br\/aintec\/sem-categoria\/2025\/01\/24\/delegacao-italiana-visita-as-instalacoes-da-aintec\/","title":{"rendered":"Delega\u00e7\u00e3o Italiana visita as instala\u00e7\u00f5es da AINTEC"},"content":{"rendered":"\n<p>A Comitiva Italiana da cidade de Modena, composta por autoridades e empres\u00e1rios, cumpriu agenda em Londrina a convite da Prefeitura Municipal de Londrina (PML) e teve a oportunidade de visitar a estrutura da Universidade Estadual de Londrina (UEL) e as instala\u00e7\u00f5es da Ag\u00eancia Inova\u00e7\u00e3o Tecnol\u00f3gica da Uel &#8211; AINTEC, sendo acompanhada pelo vice-reitor, professor Airton Jos\u00e9 Petris; pelo prefeito do Campus Universit\u00e1rio, Luiz Cl\u00e1udio Buzeti; pela assessora de Rela\u00e7\u00f5es Internacionais da UEL, Profa. Viviane Baggio Furtoso e pela diretora de Governan\u00e7a e Rela\u00e7\u00f5es Internacionais da Prefeitura de Londrina, Liz Paludetto Rodrigues.<\/p>\n\n\n\n<p>No dia 12 de dezembro, o diretor da AINTEC, Edson Miura, acompanhado pelo assessor t\u00e9cnico, Marinno Arthur, apresentou a import\u00e2ncia da ag\u00eancia para o ecossistema de inova\u00e7\u00e3o, abordando suas atividades, objetivos e projetos. A apresenta\u00e7\u00e3o incluiu desde a regulariza\u00e7\u00e3o de patentes, com assessoria para aquisi\u00e7\u00e3o de propriedade intelectual, at\u00e9 os pr\u00eamios conquistados ao longo dos anos.<\/p>\n\n\n\n<p>A comitiva de Modena foi composta por: Erica Orr\u00f9, do setor de Rela\u00e7\u00f5es Institucionais da Prefeitura de Modena; Paolo Zanca, vice-prefeito para assuntos de Promo\u00e7\u00e3o Econ\u00f4mica, Agricultura e Coopera\u00e7\u00e3o; Irene Baraldi, assessora do Prefeito de Modena, Massimo Mezzetti; Stefano Reggianini, CEO da Ag\u00eancia de Mobilidade e Transporte P\u00fablico de Modena; e Asya Bornazzini, especialista em Inova\u00e7\u00e3o da HERA, empresa que atua no ramo de distribui\u00e7\u00e3o de g\u00e1s, \u00e1gua, energia e elimina\u00e7\u00e3o de res\u00edduos.<\/p>\n\n\n\n<p>O presidente da Londrina Ilumina\u00e7\u00e3o, Cl\u00e1udio Tedeschi, junto com o Prof. Jos\u00e9 Mangili, da Engenharia El\u00e9trica, tamb\u00e9m estiveram presentes na recep\u00e7\u00e3o \u00e0 Comitiva na AINTEC, onde apresentou um projeto no campo da efici\u00eancia energ\u00e9tica e sustentabilidade desenvolvidos no campus da UEL: o Laborat\u00f3rio a C\u00e9u Aberto.<\/p>\n\n\n\n<p>Marinno comenta:<br>&#8220;Modena \u00e9 uma cidade-irm\u00e3 de Londrina e possui caracter\u00edsticas sociais, econ\u00f4micas e culturais pr\u00f3ximas das nossas, principalmente na busca de novas oportunidades de melhorar nossa atua\u00e7\u00e3o frente aos desafios do S\u00e9culo XXI. Foi um prazer receb\u00ea-los na Universidade e realizar a troca de experi\u00eancias e ideias.&#8221;<\/p>\n\n\n<div class=\"wp-block-image\">\n<figure class=\"aligncenter size-large is-resized\"><img loading=\"lazy\" decoding=\"async\" width=\"1024\" height=\"710\" src=\"https:\/\/sites.uel.br\/aintec\/wp-content\/uploads\/2025\/01\/DELEGACAO-ITALIANA-NA-AINTEC-9-1024x710.png\" alt=\"\" class=\"wp-image-2722\" style=\"width:741px;height:auto\" srcset=\"https:\/\/sites.uel.br\/aintec\/wp-content\/uploads\/2025\/01\/DELEGACAO-ITALIANA-NA-AINTEC-9-1024x710.png 1024w, https:\/\/sites.uel.br\/aintec\/wp-content\/uploads\/2025\/01\/DELEGACAO-ITALIANA-NA-AINTEC-9-300x208.png 300w, https:\/\/sites.uel.br\/aintec\/wp-content\/uploads\/2025\/01\/DELEGACAO-ITALIANA-NA-AINTEC-9-768x533.png 768w, https:\/\/sites.uel.br\/aintec\/wp-content\/uploads\/2025\/01\/DELEGACAO-ITALIANA-NA-AINTEC-9.png 1080w\" sizes=\"auto, (max-width: 1024px) 100vw, 1024px\" \/><\/figure>\n<\/div>","protected":false},"excerpt":{"rendered":"<p>A Comitiva Italiana da cidade de Modena, composta por autoridades e empres\u00e1rios, cumpriu agenda em Londrina a convite da Prefeitura Municipal de Londrina (PML) e teve a oportunidade de visitar a estrutura da Universidade Estadual de Londrina (UEL) e as instala\u00e7\u00f5es da Ag\u00eancia Inova\u00e7\u00e3o Tecnol\u00f3gica da Uel &#8211; AINTEC, sendo acompanhada pelo vice-reitor, professor Airton [&hellip;]<\/p>\n","protected":false},"author":10,"featured_media":2723,"comment_status":"open","ping_status":"open","sticky":false,"template":"","format":"standard","meta":{"footnotes":""},"categories":[1],"tags":[5,10,19],"class_list":["post-2721","post","type-post","status-publish","format-standard","has-post-thumbnail","hentry","category-sem-categoria","tag-aintec","tag-inovacao","tag-visita-tecnica"],"acf":[],"_links":{"self":[{"href":"https:\/\/sites.uel.br\/aintec\/wp-json\/wp\/v2\/posts\/2721","targetHints":{"allow":["GET"]}}],"collection":[{"href":"https:\/\/sites.uel.br\/aintec\/wp-json\/wp\/v2\/posts"}],"about":[{"href":"https:\/\/sites.uel.br\/aintec\/wp-json\/wp\/v2\/types\/post"}],"author":[{"embeddable":true,"href":"https:\/\/sites.uel.br\/aintec\/wp-json\/wp\/v2\/users\/10"}],"replies":[{"embeddable":true,"href":"https:\/\/sites.uel.br\/aintec\/wp-json\/wp\/v2\/comments?post=2721"}],"version-history":[{"count":3,"href":"https:\/\/sites.uel.br\/aintec\/wp-json\/wp\/v2\/posts\/2721\/revisions"}],"predecessor-version":[{"id":2891,"href":"https:\/\/sites.uel.br\/aintec\/wp-json\/wp\/v2\/posts\/2721\/revisions\/2891"}],"wp:featuredmedia":[{"embeddable":true,"href":"https:\/\/sites.uel.br\/aintec\/wp-json\/wp\/v2\/media\/2723"}],"wp:attachment":[{"href":"https:\/\/sites.uel.br\/aintec\/wp-json\/wp\/v2\/media?parent=2721"}],"wp:term":[{"taxonomy":"category","embeddable":true,"href":"https:\/\/sites.uel.br\/aintec\/wp-json\/wp\/v2\/categories?post=2721"},{"taxonomy":"post_tag","embeddable":true,"href":"https:\/\/sites.uel.br\/aintec\/wp-json\/wp\/v2\/tags?post=2721"}],"curies":[{"name":"wp","href":"https:\/\/api.w.org\/{rel}","templated":true}]}}