{"id":2288,"date":"2023-12-11T14:50:40","date_gmt":"2023-12-11T17:50:40","guid":{"rendered":"https:\/\/sites.uel.br\/aintec\/?p=2288"},"modified":"2023-12-11T14:50:41","modified_gmt":"2023-12-11T17:50:41","slug":"intuel-apresenta-suas-atividades-e-projetos-incubados-para-turma-de-mestrado-da-uel-em-visita-tecnica","status":"publish","type":"post","link":"https:\/\/sites.uel.br\/aintec\/sem-categoria\/2023\/12\/11\/intuel-apresenta-suas-atividades-e-projetos-incubados-para-turma-de-mestrado-da-uel-em-visita-tecnica\/","title":{"rendered":"INTUEL apresenta suas atividades e projetos incubados para turma de mestrado da UEL em visita t\u00e9cnica."},"content":{"rendered":"\n<p>Na \u00faltima semana de novembro a INTUEL teve a oportunidade de receber a Prof. Dra. Erika Dmitruk e o grupo de estudantes de mestrado na UEL em uma visita t\u00e9cnica.<\/p>\n\n\n\n<p>A visita foi guiada por Thiago Spiri, coordenador da Incubadora, que teve a oportunidade de apresentar a INTUEL e os projetos incubados, al\u00e9m de explicar sobre o funcionamento e o dia a dia da incubadora, os servi\u00e7os prestados e os benef\u00edcios da incuba\u00e7\u00e3o.<\/p>\n\n\n\n<p>Spiri ressalta a import\u00e2ncia de demonstrar para os alunos da P\u00f3s Gradua\u00e7\u00e3o as oportunidades de empreender com apoio da Incubadora, assim como atuar junto aos projetos incubados ofertando servi\u00e7os nas mais diferentes \u00e1reas de atua\u00e7\u00e3o dos estudantes. Gera um conhecimento que pode ser divulgado e trabalhado na Universidade fomentando o empreendedorismo e contribuindo com a capacita\u00e7\u00e3o dos envolvidos e interessados nos projetos e dos cursos de Gradua\u00e7\u00e3o e P\u00f3s Gradua\u00e7\u00e3o da UEL<\/p>\n\n\n\n<figure class=\"wp-block-gallery has-nested-images columns-default is-cropped wp-block-gallery-1 is-layout-flex wp-block-gallery-is-layout-flex\">\n<figure class=\"wp-block-image size-large\"><img loading=\"lazy\" decoding=\"async\" width=\"1024\" height=\"768\" data-id=\"2291\" src=\"https:\/\/sites.uel.br\/aintec\/wp-content\/uploads\/2023\/12\/WhatsApp-Image-2023-12-08-at-13.52.46-1024x768.jpeg\" alt=\"\" class=\"wp-image-2291\" srcset=\"https:\/\/sites.uel.br\/aintec\/wp-content\/uploads\/2023\/12\/WhatsApp-Image-2023-12-08-at-13.52.46-1024x768.jpeg 1024w, https:\/\/sites.uel.br\/aintec\/wp-content\/uploads\/2023\/12\/WhatsApp-Image-2023-12-08-at-13.52.46-300x225.jpeg 300w, https:\/\/sites.uel.br\/aintec\/wp-content\/uploads\/2023\/12\/WhatsApp-Image-2023-12-08-at-13.52.46-768x576.jpeg 768w, https:\/\/sites.uel.br\/aintec\/wp-content\/uploads\/2023\/12\/WhatsApp-Image-2023-12-08-at-13.52.46-1536x1152.jpeg 1536w, https:\/\/sites.uel.br\/aintec\/wp-content\/uploads\/2023\/12\/WhatsApp-Image-2023-12-08-at-13.52.46.jpeg 1600w\" sizes=\"auto, (max-width: 1024px) 100vw, 1024px\" \/><\/figure>\n\n\n\n<figure class=\"wp-block-image size-large\"><img loading=\"lazy\" decoding=\"async\" width=\"1024\" height=\"768\" data-id=\"2292\" src=\"https:\/\/sites.uel.br\/aintec\/wp-content\/uploads\/2023\/12\/WhatsApp-Image-2023-12-08-at-13.52.39-1024x768.jpeg\" alt=\"\" class=\"wp-image-2292\" srcset=\"https:\/\/sites.uel.br\/aintec\/wp-content\/uploads\/2023\/12\/WhatsApp-Image-2023-12-08-at-13.52.39-1024x768.jpeg 1024w, https:\/\/sites.uel.br\/aintec\/wp-content\/uploads\/2023\/12\/WhatsApp-Image-2023-12-08-at-13.52.39-300x225.jpeg 300w, https:\/\/sites.uel.br\/aintec\/wp-content\/uploads\/2023\/12\/WhatsApp-Image-2023-12-08-at-13.52.39-768x576.jpeg 768w, https:\/\/sites.uel.br\/aintec\/wp-content\/uploads\/2023\/12\/WhatsApp-Image-2023-12-08-at-13.52.39-1536x1152.jpeg 1536w, https:\/\/sites.uel.br\/aintec\/wp-content\/uploads\/2023\/12\/WhatsApp-Image-2023-12-08-at-13.52.39.jpeg 1600w\" sizes=\"auto, (max-width: 1024px) 100vw, 1024px\" \/><\/figure>\n<\/figure>\n","protected":false},"excerpt":{"rendered":"<p>Na \u00faltima semana de novembro a INTUEL teve a oportunidade de receber a Prof. Dra. Erika Dmitruk e o grupo de estudantes de mestrado na UEL em uma visita t\u00e9cnica. A visita foi guiada por Thiago Spiri, coordenador da Incubadora, que teve a oportunidade de apresentar a INTUEL e os projetos incubados, al\u00e9m de explicar [&hellip;]<\/p>\n","protected":false},"author":10,"featured_media":2292,"comment_status":"open","ping_status":"open","sticky":false,"template":"","format":"standard","meta":{"footnotes":""},"categories":[1],"tags":[5,10,9,19],"class_list":["post-2288","post","type-post","status-publish","format-standard","has-post-thumbnail","hentry","category-sem-categoria","tag-aintec","tag-inovacao","tag-intuel","tag-visita-tecnica"],"acf":[],"_links":{"self":[{"href":"https:\/\/sites.uel.br\/aintec\/wp-json\/wp\/v2\/posts\/2288","targetHints":{"allow":["GET"]}}],"collection":[{"href":"https:\/\/sites.uel.br\/aintec\/wp-json\/wp\/v2\/posts"}],"about":[{"href":"https:\/\/sites.uel.br\/aintec\/wp-json\/wp\/v2\/types\/post"}],"author":[{"embeddable":true,"href":"https:\/\/sites.uel.br\/aintec\/wp-json\/wp\/v2\/users\/10"}],"replies":[{"embeddable":true,"href":"https:\/\/sites.uel.br\/aintec\/wp-json\/wp\/v2\/comments?post=2288"}],"version-history":[{"count":2,"href":"https:\/\/sites.uel.br\/aintec\/wp-json\/wp\/v2\/posts\/2288\/revisions"}],"predecessor-version":[{"id":2294,"href":"https:\/\/sites.uel.br\/aintec\/wp-json\/wp\/v2\/posts\/2288\/revisions\/2294"}],"wp:featuredmedia":[{"embeddable":true,"href":"https:\/\/sites.uel.br\/aintec\/wp-json\/wp\/v2\/media\/2292"}],"wp:attachment":[{"href":"https:\/\/sites.uel.br\/aintec\/wp-json\/wp\/v2\/media?parent=2288"}],"wp:term":[{"taxonomy":"category","embeddable":true,"href":"https:\/\/sites.uel.br\/aintec\/wp-json\/wp\/v2\/categories?post=2288"},{"taxonomy":"post_tag","embeddable":true,"href":"https:\/\/sites.uel.br\/aintec\/wp-json\/wp\/v2\/tags?post=2288"}],"curies":[{"name":"wp","href":"https:\/\/api.w.org\/{rel}","templated":true}]}}