{"id":1926,"date":"2023-07-12T14:57:35","date_gmt":"2023-07-12T17:57:35","guid":{"rendered":"https:\/\/sites.uel.br\/aintec\/?p=1926"},"modified":"2023-07-12T14:57:36","modified_gmt":"2023-07-12T17:57:36","slug":"aintec-sedia-reuniao-do-comite-gestor-regional-da-ageuni","status":"publish","type":"post","link":"https:\/\/sites.uel.br\/aintec\/sem-categoria\/2023\/07\/12\/aintec-sedia-reuniao-do-comite-gestor-regional-da-ageuni\/","title":{"rendered":"AINTEC sedia reuni\u00e3o do Comit\u00ea Gestor Regional da AGEUNI."},"content":{"rendered":"\n<p>Na \u00faltima semana a AINTEC sediou a Reuni\u00e3o do Comit\u00ea Gestor Regional da AGEUNI que avaliou as propostas enviadas ao Edital de Chamamento P\u00fablico 01\/2023 da SETI\/Fundo Paran\u00e1.<\/p>\n\n\n\n<p>Foram avaliadas todas as propostas enviadas ao Comit\u00ea em crit\u00e9rios de enquadramento aos objetivos do Edital, como realiza\u00e7\u00e3o de desenvolvimento tecnol\u00f3gico e impacto regional das atividades propostas pelas empresas parceiras.<\/p>\n\n\n\n<p>A AGEUNI \u00e9 um projeto do governo do estado, em espec\u00edfico da Secretaria de Ci\u00eancia, Tecnologia e Ensino Superior, que tem como fundamento a integra\u00e7\u00e3o das diversas regi\u00f5es do Paran\u00e1, principalmente atrav\u00e9s de suas universidades estaduais, e tamb\u00e9m pretende fomentar a inova\u00e7\u00e3o tecnol\u00f3gica em diversas regi\u00f5es geogr\u00e1ficas e \u00e1reas econ\u00f4micas.<\/p>\n\n\n\n<figure class=\"wp-block-gallery has-nested-images columns-default is-cropped wp-block-gallery-1 is-layout-flex wp-block-gallery-is-layout-flex\">\n<figure class=\"wp-block-image size-large\"><img loading=\"lazy\" decoding=\"async\" width=\"1024\" height=\"683\" data-id=\"1927\" src=\"https:\/\/sites.uel.br\/aintec\/wp-content\/uploads\/2023\/07\/DSC_0152-1024x683.jpg\" alt=\"\" class=\"wp-image-1927\" srcset=\"https:\/\/sites.uel.br\/aintec\/wp-content\/uploads\/2023\/07\/DSC_0152-1024x683.jpg 1024w, https:\/\/sites.uel.br\/aintec\/wp-content\/uploads\/2023\/07\/DSC_0152-300x200.jpg 300w, https:\/\/sites.uel.br\/aintec\/wp-content\/uploads\/2023\/07\/DSC_0152-768x512.jpg 768w, https:\/\/sites.uel.br\/aintec\/wp-content\/uploads\/2023\/07\/DSC_0152-1536x1024.jpg 1536w, https:\/\/sites.uel.br\/aintec\/wp-content\/uploads\/2023\/07\/DSC_0152-2048x1365.jpg 2048w\" sizes=\"auto, (max-width: 1024px) 100vw, 1024px\" \/><\/figure>\n\n\n\n<figure class=\"wp-block-image size-large\"><img loading=\"lazy\" decoding=\"async\" width=\"1024\" height=\"683\" data-id=\"1928\" src=\"https:\/\/sites.uel.br\/aintec\/wp-content\/uploads\/2023\/07\/DSC_0164-1024x683.jpg\" alt=\"\" class=\"wp-image-1928\" srcset=\"https:\/\/sites.uel.br\/aintec\/wp-content\/uploads\/2023\/07\/DSC_0164-1024x683.jpg 1024w, https:\/\/sites.uel.br\/aintec\/wp-content\/uploads\/2023\/07\/DSC_0164-300x200.jpg 300w, https:\/\/sites.uel.br\/aintec\/wp-content\/uploads\/2023\/07\/DSC_0164-768x512.jpg 768w, https:\/\/sites.uel.br\/aintec\/wp-content\/uploads\/2023\/07\/DSC_0164-1536x1024.jpg 1536w, https:\/\/sites.uel.br\/aintec\/wp-content\/uploads\/2023\/07\/DSC_0164-2048x1365.jpg 2048w\" sizes=\"auto, (max-width: 1024px) 100vw, 1024px\" \/><\/figure>\n<\/figure>\n","protected":false},"excerpt":{"rendered":"<p>Na \u00faltima semana a AINTEC sediou a Reuni\u00e3o do Comit\u00ea Gestor Regional da AGEUNI que avaliou as propostas enviadas ao Edital de Chamamento P\u00fablico 01\/2023 da SETI\/Fundo Paran\u00e1. Foram avaliadas todas as propostas enviadas ao Comit\u00ea em crit\u00e9rios de enquadramento aos objetivos do Edital, como realiza\u00e7\u00e3o de desenvolvimento tecnol\u00f3gico e impacto regional das atividades propostas [&hellip;]<\/p>\n","protected":false},"author":10,"featured_media":1928,"comment_status":"open","ping_status":"open","sticky":false,"template":"","format":"standard","meta":{"footnotes":""},"categories":[1],"tags":[28,5,6,10,22],"class_list":["post-1926","post","type-post","status-publish","format-standard","has-post-thumbnail","hentry","category-sem-categoria","tag-ageuni","tag-aintec","tag-eventos","tag-inovacao","tag-reuniao"],"acf":[],"_links":{"self":[{"href":"https:\/\/sites.uel.br\/aintec\/wp-json\/wp\/v2\/posts\/1926","targetHints":{"allow":["GET"]}}],"collection":[{"href":"https:\/\/sites.uel.br\/aintec\/wp-json\/wp\/v2\/posts"}],"about":[{"href":"https:\/\/sites.uel.br\/aintec\/wp-json\/wp\/v2\/types\/post"}],"author":[{"embeddable":true,"href":"https:\/\/sites.uel.br\/aintec\/wp-json\/wp\/v2\/users\/10"}],"replies":[{"embeddable":true,"href":"https:\/\/sites.uel.br\/aintec\/wp-json\/wp\/v2\/comments?post=1926"}],"version-history":[{"count":2,"href":"https:\/\/sites.uel.br\/aintec\/wp-json\/wp\/v2\/posts\/1926\/revisions"}],"predecessor-version":[{"id":1930,"href":"https:\/\/sites.uel.br\/aintec\/wp-json\/wp\/v2\/posts\/1926\/revisions\/1930"}],"wp:featuredmedia":[{"embeddable":true,"href":"https:\/\/sites.uel.br\/aintec\/wp-json\/wp\/v2\/media\/1928"}],"wp:attachment":[{"href":"https:\/\/sites.uel.br\/aintec\/wp-json\/wp\/v2\/media?parent=1926"}],"wp:term":[{"taxonomy":"category","embeddable":true,"href":"https:\/\/sites.uel.br\/aintec\/wp-json\/wp\/v2\/categories?post=1926"},{"taxonomy":"post_tag","embeddable":true,"href":"https:\/\/sites.uel.br\/aintec\/wp-json\/wp\/v2\/tags?post=1926"}],"curies":[{"name":"wp","href":"https:\/\/api.w.org\/{rel}","templated":true}]}}