{"id":1861,"date":"2023-06-19T14:23:54","date_gmt":"2023-06-19T17:23:54","guid":{"rendered":"https:\/\/sites.uel.br\/aintec\/?p=1861"},"modified":"2023-06-19T14:23:54","modified_gmt":"2023-06-19T17:23:54","slug":"aintec-esteve-presente-na-visita-da-ministra-de-ciencia-tecnologia-e-inovacao-ao-tecnocentro-em-londrina","status":"publish","type":"post","link":"https:\/\/sites.uel.br\/aintec\/sem-categoria\/2023\/06\/19\/aintec-esteve-presente-na-visita-da-ministra-de-ciencia-tecnologia-e-inovacao-ao-tecnocentro-em-londrina\/","title":{"rendered":"AINTEC esteve presente na visita da Ministra de Ci\u00eancia, Tecnologia e Inova\u00e7\u00e3o ao Tecnocentro em Londrina."},"content":{"rendered":"\n<p>No come\u00e7o de junho a AINTEC esteve presente na visita ao Tecnocentro para a apresenta\u00e7\u00e3o do planejamento do Ecossistema de Inova\u00e7\u00e3o de Londrina para a Ministra de Ci\u00eancia, Tecnologia e Inova\u00e7\u00e3o, Luciana Santos.<\/p>\n\n\n\n<p>A ocasi\u00e3o foi uma oportunidade de apresenta\u00e7\u00e3o do ecossistema de inova\u00e7\u00e3o da cidade, o Esta\u00e7\u00e3o 43, seu funcionamento e a\u00e7\u00f5es desenvolvidas. Identificaram, tamb\u00e9m, as a\u00e7\u00f5es do IFPR\/Londrina e a necessidade de aten\u00e7\u00e3o \u00e0s potencialidades da regi\u00e3o por meio de projetos possivelmente desenvolvidos pelo Governo Federal.<\/p>\n\n\n\n<p>Estiveram presentes autoridades e representantes dos atores do ecossistema de inova\u00e7\u00e3o da cidade. Representando a Universidade, esteve o vice-reitor da UEL, o Prof. Dr. Airton Petris e em nome da AINTEC esteve o assessor t\u00e9cnico da Ag\u00eancia, Marinno Arthur. O evento contou ainda com a presen\u00e7a de docentes de diversos centros e servidores de \u00f3rg\u00e3os suplementares da UEL.<\/p>\n\n\n\n<p>Os presentes tiveram a chance de aproximar o ecossistema, apresentar suas a\u00e7\u00f5es, seus planos e a for\u00e7a que Londrina e regi\u00e3o apresentam.<\/p>\n\n\n\n<p>A Ministra destacou a import\u00e2ncia hist\u00f3rica e atual da cidade, a maturidade da integra\u00e7\u00e3o entre os atores de inova\u00e7\u00e3o, al\u00e9m de sua qualidade em ci\u00eancia e tecnologia e que h\u00e1 muito potencial para ser trabalhado.<\/p>\n\n\n\n<p>Com fotografias pelo Minist\u00e9rio de Ci\u00eancia, Tecnologia e Inova\u00e7\u00e3o.<\/p>\n\n\n\n<figure class=\"wp-block-gallery has-nested-images columns-default is-cropped wp-block-gallery-1 is-layout-flex wp-block-gallery-is-layout-flex\">\n<figure class=\"wp-block-image size-large\"><img loading=\"lazy\" decoding=\"async\" width=\"799\" height=\"533\" data-id=\"1862\" src=\"https:\/\/sites.uel.br\/aintec\/wp-content\/uploads\/2023\/06\/52944424685_7998e13f93_c.jpg\" alt=\"\" class=\"wp-image-1862\" srcset=\"https:\/\/sites.uel.br\/aintec\/wp-content\/uploads\/2023\/06\/52944424685_7998e13f93_c.jpg 799w, https:\/\/sites.uel.br\/aintec\/wp-content\/uploads\/2023\/06\/52944424685_7998e13f93_c-300x200.jpg 300w, https:\/\/sites.uel.br\/aintec\/wp-content\/uploads\/2023\/06\/52944424685_7998e13f93_c-768x512.jpg 768w\" sizes=\"auto, (max-width: 799px) 100vw, 799px\" \/><\/figure>\n\n\n\n<figure class=\"wp-block-image size-large\"><img loading=\"lazy\" decoding=\"async\" width=\"799\" height=\"533\" data-id=\"1863\" src=\"https:\/\/sites.uel.br\/aintec\/wp-content\/uploads\/2023\/06\/52944499768_5297a55656_c.jpg\" alt=\"\" class=\"wp-image-1863\" srcset=\"https:\/\/sites.uel.br\/aintec\/wp-content\/uploads\/2023\/06\/52944499768_5297a55656_c.jpg 799w, https:\/\/sites.uel.br\/aintec\/wp-content\/uploads\/2023\/06\/52944499768_5297a55656_c-300x200.jpg 300w, https:\/\/sites.uel.br\/aintec\/wp-content\/uploads\/2023\/06\/52944499768_5297a55656_c-768x512.jpg 768w\" sizes=\"auto, (max-width: 799px) 100vw, 799px\" \/><\/figure>\n\n\n\n<figure class=\"wp-block-image size-large\"><img loading=\"lazy\" decoding=\"async\" width=\"800\" height=\"534\" data-id=\"1864\" src=\"https:\/\/sites.uel.br\/aintec\/wp-content\/uploads\/2023\/06\/52944183239_d5eaa1508f_c.jpg\" alt=\"\" class=\"wp-image-1864\" srcset=\"https:\/\/sites.uel.br\/aintec\/wp-content\/uploads\/2023\/06\/52944183239_d5eaa1508f_c.jpg 800w, https:\/\/sites.uel.br\/aintec\/wp-content\/uploads\/2023\/06\/52944183239_d5eaa1508f_c-300x200.jpg 300w, https:\/\/sites.uel.br\/aintec\/wp-content\/uploads\/2023\/06\/52944183239_d5eaa1508f_c-768x513.jpg 768w\" sizes=\"auto, (max-width: 800px) 100vw, 800px\" \/><\/figure>\n<\/figure>\n","protected":false},"excerpt":{"rendered":"<p>No come\u00e7o de junho a AINTEC esteve presente na visita ao Tecnocentro para a apresenta\u00e7\u00e3o do planejamento do Ecossistema de Inova\u00e7\u00e3o de Londrina para a Ministra de Ci\u00eancia, Tecnologia e Inova\u00e7\u00e3o, Luciana Santos. A ocasi\u00e3o foi uma oportunidade de apresenta\u00e7\u00e3o do ecossistema de inova\u00e7\u00e3o da cidade, o Esta\u00e7\u00e3o 43, seu funcionamento e a\u00e7\u00f5es desenvolvidas. Identificaram, [&hellip;]<\/p>\n","protected":false},"author":10,"featured_media":1863,"comment_status":"open","ping_status":"open","sticky":false,"template":"","format":"standard","meta":{"footnotes":""},"categories":[1],"tags":[5,6,10,13],"class_list":["post-1861","post","type-post","status-publish","format-standard","has-post-thumbnail","hentry","category-sem-categoria","tag-aintec","tag-eventos","tag-inovacao","tag-solenidade"],"acf":[],"_links":{"self":[{"href":"https:\/\/sites.uel.br\/aintec\/wp-json\/wp\/v2\/posts\/1861","targetHints":{"allow":["GET"]}}],"collection":[{"href":"https:\/\/sites.uel.br\/aintec\/wp-json\/wp\/v2\/posts"}],"about":[{"href":"https:\/\/sites.uel.br\/aintec\/wp-json\/wp\/v2\/types\/post"}],"author":[{"embeddable":true,"href":"https:\/\/sites.uel.br\/aintec\/wp-json\/wp\/v2\/users\/10"}],"replies":[{"embeddable":true,"href":"https:\/\/sites.uel.br\/aintec\/wp-json\/wp\/v2\/comments?post=1861"}],"version-history":[{"count":2,"href":"https:\/\/sites.uel.br\/aintec\/wp-json\/wp\/v2\/posts\/1861\/revisions"}],"predecessor-version":[{"id":1866,"href":"https:\/\/sites.uel.br\/aintec\/wp-json\/wp\/v2\/posts\/1861\/revisions\/1866"}],"wp:featuredmedia":[{"embeddable":true,"href":"https:\/\/sites.uel.br\/aintec\/wp-json\/wp\/v2\/media\/1863"}],"wp:attachment":[{"href":"https:\/\/sites.uel.br\/aintec\/wp-json\/wp\/v2\/media?parent=1861"}],"wp:term":[{"taxonomy":"category","embeddable":true,"href":"https:\/\/sites.uel.br\/aintec\/wp-json\/wp\/v2\/categories?post=1861"},{"taxonomy":"post_tag","embeddable":true,"href":"https:\/\/sites.uel.br\/aintec\/wp-json\/wp\/v2\/tags?post=1861"}],"curies":[{"name":"wp","href":"https:\/\/api.w.org\/{rel}","templated":true}]}}